{"id":23826,"date":"2014-12-17T09:49:32","date_gmt":"2014-12-17T14:49:32","guid":{"rendered":"http:\/\/www.ambiente.gob.ec\/?p=23826"},"modified":"2014-12-17T09:54:45","modified_gmt":"2014-12-17T14:54:45","slug":"mae-capacito-a-funcionarios-del-gad-municipal-de-esmeraldas-en-lineamientos-de-cambio-climatico","status":"publish","type":"post","link":"https:\/\/www.ambienteyenergia.gob.ec\/ambiente\/mae-capacito-a-funcionarios-del-gad-municipal-de-esmeraldas-en-lineamientos-de-cambio-climatico\/","title":{"rendered":"MAE capacit\u00f3 a funcionarios del GAD municipal de Esmeraldas en lineamientos de cambio clim\u00e1tico"},"content":{"rendered":"<p align=\"JUSTIFY\"><span style=\"font-family: Calibri, sans-serif;\">Funcionarios la Subsecretar\u00eda de Cambio Clim\u00e1tico del Ministerio del Ambiente, en colaboraci\u00f3n con la Cooperaci\u00f3n Alemana al Desarrollo (GIZ, por sus siglas en alem\u00e1n), capacitaron a los funcionarios del Gobierno Aut\u00f3nomo Descentralizado Municipal de Esmeraldas.<\/span><\/p>\n<p align=\"JUSTIFY\"><span style=\"font-family: Calibri, sans-serif;\">En el taller se reforzaron conceptos b\u00e1sicos de cambio clim\u00e1tico, se identificaron las principales causas e impactos de esta problem\u00e1tica y se present\u00f3 el marco Normativo e Institucional de Cambio Clim\u00e1tico.<\/span><\/p>\n<p align=\"JUSTIFY\"><span style=\"font-family: Calibri, sans-serif;\">Asimismo, se socializ\u00f3 la Gu\u00eda Explicativa sobre Lineamientos de Cambio Clim\u00e1tico para Gobiernos Aut\u00f3nomos Descentralizados, se presentaron las tendencias clim\u00e1ticas identificadas en la zona y se trabaj\u00f3 en grupos para la identificaci\u00f3n de amenazas clim\u00e1ticas del cant\u00f3n.<\/span><\/p>\n<p align=\"JUSTIFY\"><strong><span style=\"font-family: Calibri, sans-serif;\">El dato<\/span><\/strong><\/p>\n<p align=\"JUSTIFY\"><span style=\"font-family: Calibri, sans-serif;\">El Gobierno Nacional reconoci\u00f3 a la adaptaci\u00f3n y mitigaci\u00f3n del cambio clim\u00e1tico como pol\u00edtica de Estado y con ello el compromiso de impulsar acciones que permitan la transversalizaci\u00f3n del cambio clim\u00e1tico a nivel territorial en l\u00ednea con la Estrategia Nacional de Cambio Clim\u00e1tico as\u00ed como generar capacidades para enfrentar esta problem\u00e1tica.\/ss-ds<\/span><\/p>\n","protected":false},"excerpt":{"rendered":"<p class=\"excerpt\">Funcionarios la Subsecretar\u00eda de Cambio Clim\u00e1tico del Ministerio del Ambiente, en colaboraci\u00f3n con la Cooperaci\u00f3n Alemana al Desarrollo (GIZ, por sus siglas en alem\u00e1n), capacitaron a los funcionarios del Gobierno Aut\u00f3nomo Descentralizado Municipal de Esmeraldas. En el taller se reforzaron conceptos b\u00e1sicos de cambio clim\u00e1tico, se identificaron las principales causas e impactos de esta problem\u00e1tica y se present\u00f3 el marco&hellip; <a href=\"https:\/\/www.ambienteyenergia.gob.ec\/ambiente\/mae-capacito-a-funcionarios-del-gad-municipal-de-esmeraldas-en-lineamientos-de-cambio-climatico\/\">Read more &rarr;<\/a><\/p>\n","protected":false},"author":13,"featured_media":23827,"comment_status":"open","ping_status":"open","sticky":false,"template":"","format":"standard","meta":{"footnotes":""},"categories":[16,4],"tags":[133,581,108,53],"class_list":["post-23826","post","type-post","status-publish","format-standard","has-post-thumbnail","hentry","category-comunicamos","category-noticias","tag-cambio-climatico","tag-gad","tag-lorena-tapia","tag-mae","xfolkentry"],"_links":{"self":[{"href":"https:\/\/www.ambienteyenergia.gob.ec\/ambiente\/wp-json\/wp\/v2\/posts\/23826","targetHints":{"allow":["GET"]}}],"collection":[{"href":"https:\/\/www.ambienteyenergia.gob.ec\/ambiente\/wp-json\/wp\/v2\/posts"}],"about":[{"href":"https:\/\/www.ambienteyenergia.gob.ec\/ambiente\/wp-json\/wp\/v2\/types\/post"}],"author":[{"embeddable":true,"href":"https:\/\/www.ambienteyenergia.gob.ec\/ambiente\/wp-json\/wp\/v2\/users\/13"}],"replies":[{"embeddable":true,"href":"https:\/\/www.ambienteyenergia.gob.ec\/ambiente\/wp-json\/wp\/v2\/comments?post=23826"}],"version-history":[{"count":0,"href":"https:\/\/www.ambienteyenergia.gob.ec\/ambiente\/wp-json\/wp\/v2\/posts\/23826\/revisions"}],"wp:featuredmedia":[{"embeddable":true,"href":"https:\/\/www.ambienteyenergia.gob.ec\/ambiente\/wp-json\/wp\/v2\/media\/23827"}],"wp:attachment":[{"href":"https:\/\/www.ambienteyenergia.gob.ec\/ambiente\/wp-json\/wp\/v2\/media?parent=23826"}],"wp:term":[{"taxonomy":"category","embeddable":true,"href":"https:\/\/www.ambienteyenergia.gob.ec\/ambiente\/wp-json\/wp\/v2\/categories?post=23826"},{"taxonomy":"post_tag","embeddable":true,"href":"https:\/\/www.ambienteyenergia.gob.ec\/ambiente\/wp-json\/wp\/v2\/tags?post=23826"}],"curies":[{"name":"wp","href":"https:\/\/api.w.org\/{rel}","templated":true}]}}