{"id":23814,"date":"2014-12-16T15:49:08","date_gmt":"2014-12-16T20:49:08","guid":{"rendered":"http:\/\/www.ambiente.gob.ec\/?p=23814"},"modified":"2014-12-16T15:49:08","modified_gmt":"2014-12-16T20:49:08","slug":"funcionarios-del-mae-se-capacitaron-en-cambio-climatico-y-areas-protegidas","status":"publish","type":"post","link":"https:\/\/www.ambienteyenergia.gob.ec\/ambiente\/funcionarios-del-mae-se-capacitaron-en-cambio-climatico-y-areas-protegidas\/","title":{"rendered":"Funcionarios del MAE se capacitaron en cambio clim\u00e1tico y \u00e1reas protegidas"},"content":{"rendered":"<p style=\"text-align: justify;\">Como parte del fortalecimiento de capacidades que realiza el Ministerio del Ambiente,\u00a0\u00a0la Direcci\u00f3n Nacional de Biodiversidad y la Direcci\u00f3n Nacional de Adaptaci\u00f3n Nacional de Cambio Clim\u00e1tico a trav\u00e9s del Fondo Mundial para la Naturaleza (WWF, por sus siglas en ingl\u00e9s), dictaron el taller \u201cConstruyendo Resiliencia en el Bioma Amaz\u00f3nico-\u00c1reas Protegidas como parte\u00a0\u00a0integral de la Adaptaci\u00f3n al Cambio Clim\u00e1tico\u201d.<\/p>\n<p style=\"text-align: justify;\">El taller se lo realiz\u00f3 para proporcionar a los funcionarios un fundamento\u00a0conceptual sobre el cambio clim\u00e1tico que permita comprender las causas que lo originan, los impactos que generan a nivel de los ecosistemas, as\u00ed como el rol que cumplen las \u00e1reas protegidas en la mitigaci\u00f3n del cambio clim\u00e1tico y la adaptaci\u00f3n al mismo.<\/p>\n<p style=\"text-align: justify;\">Se capacitaron en el taller:\u00a0\u00a0guarparques del Sistema Nacional de \u00c1reas Protegidas, puntos focales de cambio clim\u00e1tico, funcionarios de la Direcci\u00f3n Nacional de Biodiversidad y de la Direcci\u00f3n Nacional de Adaptaci\u00f3n al Cambio Clim\u00e1tico.<\/p>\n<p style=\"text-align: justify;\">\u00a0S.S<\/p>\n<p style=\"text-align: justify;\"><strong>El dato<\/strong><\/p>\n<p style=\"text-align: justify;\">El bioma amaz\u00f3nico cubre 6,7 millones de km ultramar. El bioma abarca el mayor bosque tropical contiguo que existe en el planeta, con una diversidad inigualable de especies y h\u00e1bitats y con funciones ecosist\u00e9micas cr\u00edticas en la din\u00e1mica del clima regional y global. Por ello es necesario fortalecer capacidades para la construcci\u00f3n de resiliencia en el bioma Amaz\u00f3nico.<\/p>\n<p style=\"text-align: justify;\">Las \u00e1reas protegidas juegan un papel importante para el cambio clim\u00e1tico ya que permiten la adaptaci\u00f3n de especies y la captura de emisiones de carbono.<\/p>\n","protected":false},"excerpt":{"rendered":"<p class=\"excerpt\">Como parte del fortalecimiento de capacidades que realiza el Ministerio del Ambiente,\u00a0\u00a0la Direcci\u00f3n Nacional de Biodiversidad y la Direcci\u00f3n Nacional de Adaptaci\u00f3n Nacional de Cambio Clim\u00e1tico a trav\u00e9s del Fondo Mundial para la Naturaleza (WWF, por sus siglas en ingl\u00e9s), dictaron el taller \u201cConstruyendo Resiliencia en el Bioma Amaz\u00f3nico-\u00c1reas Protegidas como parte\u00a0\u00a0integral de la Adaptaci\u00f3n al Cambio Clim\u00e1tico\u201d. El taller&hellip; <a href=\"https:\/\/www.ambienteyenergia.gob.ec\/ambiente\/funcionarios-del-mae-se-capacitaron-en-cambio-climatico-y-areas-protegidas\/\">Read more &rarr;<\/a><\/p>\n","protected":false},"author":13,"featured_media":23815,"comment_status":"open","ping_status":"open","sticky":false,"template":"","format":"standard","meta":{"footnotes":""},"categories":[16,4],"tags":[387],"class_list":["post-23814","post","type-post","status-publish","format-standard","has-post-thumbnail","hentry","category-comunicamos","category-noticias","tag-mae-lorena-tapia","xfolkentry"],"_links":{"self":[{"href":"https:\/\/www.ambienteyenergia.gob.ec\/ambiente\/wp-json\/wp\/v2\/posts\/23814","targetHints":{"allow":["GET"]}}],"collection":[{"href":"https:\/\/www.ambienteyenergia.gob.ec\/ambiente\/wp-json\/wp\/v2\/posts"}],"about":[{"href":"https:\/\/www.ambienteyenergia.gob.ec\/ambiente\/wp-json\/wp\/v2\/types\/post"}],"author":[{"embeddable":true,"href":"https:\/\/www.ambienteyenergia.gob.ec\/ambiente\/wp-json\/wp\/v2\/users\/13"}],"replies":[{"embeddable":true,"href":"https:\/\/www.ambienteyenergia.gob.ec\/ambiente\/wp-json\/wp\/v2\/comments?post=23814"}],"version-history":[{"count":0,"href":"https:\/\/www.ambienteyenergia.gob.ec\/ambiente\/wp-json\/wp\/v2\/posts\/23814\/revisions"}],"wp:featuredmedia":[{"embeddable":true,"href":"https:\/\/www.ambienteyenergia.gob.ec\/ambiente\/wp-json\/wp\/v2\/media\/23815"}],"wp:attachment":[{"href":"https:\/\/www.ambienteyenergia.gob.ec\/ambiente\/wp-json\/wp\/v2\/media?parent=23814"}],"wp:term":[{"taxonomy":"category","embeddable":true,"href":"https:\/\/www.ambienteyenergia.gob.ec\/ambiente\/wp-json\/wp\/v2\/categories?post=23814"},{"taxonomy":"post_tag","embeddable":true,"href":"https:\/\/www.ambienteyenergia.gob.ec\/ambiente\/wp-json\/wp\/v2\/tags?post=23814"}],"curies":[{"name":"wp","href":"https:\/\/api.w.org\/{rel}","templated":true}]}}