{"id":23811,"date":"2014-12-16T10:09:02","date_gmt":"2014-12-16T15:09:02","guid":{"rendered":"http:\/\/www.ambiente.gob.ec\/?p=23811"},"modified":"2014-12-17T09:12:12","modified_gmt":"2014-12-17T14:12:12","slug":"napo-se-suma-a-la-campana-no-arranques-la-piel-de-los-bosques","status":"publish","type":"post","link":"https:\/\/www.ambienteyenergia.gob.ec\/ambiente\/napo-se-suma-a-la-campana-no-arranques-la-piel-de-los-bosques\/","title":{"rendered":"Napo se suma a la campa\u00f1a \u00a1No arranques la piel de los bosques!"},"content":{"rendered":"<p align=\"JUSTIFY\"><span style=\"font-family: Calibri, sans-serif;\">\u00a1No arranques la piel de los bosques! es una iniciativa implementada por el Ministerio del Ambiente de Ecuador (MAE) a nivel nacional, con el objetivo de motivar a la poblaci\u00f3n el uso de materiales alternativos, en sustituci\u00f3n de productos forestales no maderables, en la elaboraci\u00f3n de pesebres y arreglos en \u00e9poca navide\u00f1a.<\/span><\/p>\n<p align=\"JUSTIFY\"><span style=\"font-family: Calibri, sans-serif;\">Es por tal motivo que la Direcci\u00f3n Provincial del Ambiente de Napo realiz\u00f3 un concurso de pesebres ecol\u00f3gicos junto con varias instituciones educativas ubicadas en los alrededores de la Reserva Ecol\u00f3gica Antisana y el Parque Nacional Sumaco.<\/span><\/p>\n<p align=\"JUSTIFY\"><span style=\"font-family: Calibri, sans-serif;\">Adem\u00e1s, esta Cartera de Estado realiz\u00f3 una peque\u00f1a campa\u00f1a de socializaci\u00f3n en las localidades de Archidona y Cosanga en el marco del noveno conteo navide\u00f1o de aves Cosanga-Narupa 2014, evento internacional liderado por la Estaci\u00f3n Biol\u00f3gica Yanayacu con el apoyo de los Gobiernos Aut\u00f3nomos Descentralizados y la autoridad Ambiental Nacional.<\/span><\/p>\n<p align=\"JUSTIFY\"><span style=\"font-family: Calibri, sans-serif;\">Estas actividades de difusi\u00f3n promueven la sensibilizaci\u00f3n ambiental para el uso responsable de nuestros recursos, concienciando adem\u00e1s la importancia de conservar los ecosistemas con el aporte de toda la comunidad y el uso de materiales alternativos como aserr\u00edn, botellas, cart\u00f3n, papel y dem\u00e1s elementos reciclables de uso cotidiano.<\/span><\/p>\n<p align=\"JUSTIFY\"><span style=\"font-family: Calibri, sans-serif;\">Las diferentes Direcciones Provinciales y las Administraciones de \u00e1reas protegidas continuar\u00e1n realizando eventos de sensibilizaci\u00f3n ambiental por un Ecuador Verde.\/pc-ds<\/span><\/p>\n","protected":false},"excerpt":{"rendered":"<p class=\"excerpt\">\u00a1No arranques la piel de los bosques! es una iniciativa implementada por el Ministerio del Ambiente de Ecuador (MAE) a nivel nacional, con el objetivo de motivar a la poblaci\u00f3n el uso de materiales alternativos, en sustituci\u00f3n de productos forestales no maderables, en la elaboraci\u00f3n de pesebres y arreglos en \u00e9poca navide\u00f1a. Es por tal motivo que la Direcci\u00f3n Provincial&hellip; <a href=\"https:\/\/www.ambienteyenergia.gob.ec\/ambiente\/napo-se-suma-a-la-campana-no-arranques-la-piel-de-los-bosques\/\">Read more &rarr;<\/a><\/p>\n","protected":false},"author":13,"featured_media":23825,"comment_status":"open","ping_status":"open","sticky":false,"template":"","format":"standard","meta":{"footnotes":""},"categories":[16,4],"tags":[577,309,108,53,176,586],"class_list":["post-23811","post","type-post","status-publish","format-standard","has-post-thumbnail","hentry","category-comunicamos","category-noticias","tag-campana","tag-conservacion","tag-lorena-tapia","tag-mae","tag-musgo","tag-navidad-ecologica","xfolkentry"],"_links":{"self":[{"href":"https:\/\/www.ambienteyenergia.gob.ec\/ambiente\/wp-json\/wp\/v2\/posts\/23811","targetHints":{"allow":["GET"]}}],"collection":[{"href":"https:\/\/www.ambienteyenergia.gob.ec\/ambiente\/wp-json\/wp\/v2\/posts"}],"about":[{"href":"https:\/\/www.ambienteyenergia.gob.ec\/ambiente\/wp-json\/wp\/v2\/types\/post"}],"author":[{"embeddable":true,"href":"https:\/\/www.ambienteyenergia.gob.ec\/ambiente\/wp-json\/wp\/v2\/users\/13"}],"replies":[{"embeddable":true,"href":"https:\/\/www.ambienteyenergia.gob.ec\/ambiente\/wp-json\/wp\/v2\/comments?post=23811"}],"version-history":[{"count":0,"href":"https:\/\/www.ambienteyenergia.gob.ec\/ambiente\/wp-json\/wp\/v2\/posts\/23811\/revisions"}],"wp:featuredmedia":[{"embeddable":true,"href":"https:\/\/www.ambienteyenergia.gob.ec\/ambiente\/wp-json\/wp\/v2\/media\/23825"}],"wp:attachment":[{"href":"https:\/\/www.ambienteyenergia.gob.ec\/ambiente\/wp-json\/wp\/v2\/media?parent=23811"}],"wp:term":[{"taxonomy":"category","embeddable":true,"href":"https:\/\/www.ambienteyenergia.gob.ec\/ambiente\/wp-json\/wp\/v2\/categories?post=23811"},{"taxonomy":"post_tag","embeddable":true,"href":"https:\/\/www.ambienteyenergia.gob.ec\/ambiente\/wp-json\/wp\/v2\/tags?post=23811"}],"curies":[{"name":"wp","href":"https:\/\/api.w.org\/{rel}","templated":true}]}}