{"id":23807,"date":"2014-12-16T09:00:16","date_gmt":"2014-12-16T14:00:16","guid":{"rendered":"http:\/\/www.ambiente.gob.ec\/?p=23807"},"modified":"2014-12-16T09:05:01","modified_gmt":"2014-12-16T14:05:01","slug":"residuos-solidos-y-cambio-climatico-se-abordaron-en-programa-radial","status":"publish","type":"post","link":"https:\/\/www.ambienteyenergia.gob.ec\/ambiente\/residuos-solidos-y-cambio-climatico-se-abordaron-en-programa-radial\/","title":{"rendered":"Residuos s\u00f3lidos y cambio clim\u00e1tico se abordaron en programa radial"},"content":{"rendered":"<p align=\"JUSTIFY\"><span style=\"font-family: Calibri, sans-serif;\">Radio Cat\u00f3lica Nacional fue el escenario en donde \u00c1ngel Valverde, subsecretario de Cambio Clim\u00e1tico subrogante comparti\u00f3 micr\u00f3fonos con Guillermo Verdesoto, representante de la Fundaci\u00f3n Ecuatoriana de Tecnolog\u00eda Apropiada (FEDETA) y Pietro Graziani de la Mesa Nacional sobre la Gesti\u00f3n Integral de Residuos S\u00f3lidos (GIRS) para tratar temas relacionados con cambio clim\u00e1tico y gesti\u00f3n de residuos s\u00f3lidos.<\/span><\/p>\n<p align=\"JUSTIFY\"><span style=\"font-family: Calibri, sans-serif;\">Durante el conversatorio, Valverde, explic\u00f3 sobre lo que significa el fen\u00f3meno del cambio clim\u00e1tico, sus principales causas, las pol\u00edticas p\u00fablicas y los proyectos que desde el Ministerio del Ambiente de Ecuador (MAE) se ejecutan para la adaptaci\u00f3n y mitigaci\u00f3n del mismo. \u201cSi queremos ganar la lucha del cambio clim\u00e1tico se deben cambiar nuestros patrones de producci\u00f3n y consumo\u201d, asegur\u00f3.<\/span><\/p>\n<p align=\"JUSTIFY\"><span style=\"font-family: Calibri, sans-serif;\">Valverde, adem\u00e1s hizo un an\u00e1lisis de las negociaciones que se realizaron en la Vig\u00e9sima Conferencia de las Partes (COP20) en cuanto a financiamiento, REDD+ y otras iniciativas nacionales que el pa\u00eds promueve a nivel internacional.<\/span><\/p>\n<p align=\"JUSTIFY\"><span style=\"font-family: Calibri, sans-serif;\">En relaci\u00f3n al tema de residuos s\u00f3lidos hizo un llamado a la comunidad para la incorporaci\u00f3n de buenas pr\u00e1cticas ambientales dentro de las actividades diarias para un consumo sostenible y responsable que reduzca el impacto ambiental.<\/span><\/p>\n<p align=\"JUSTIFY\"><span style=\"font-family: Calibri, sans-serif;\">Asimismo, expuso las acciones que desde esta Cartera de Estado se desarrollan y la responsabilidad que tienen los municipios en el tratamiento de los desechos s\u00f3lidos, a trav\u00e9s de la integraci\u00f3n de tecnolog\u00edas innovadoras de conocimiento (capacitaci\u00f3n, buenas pr\u00e1cticas) y organizacional (trabajo conjunto de la comunidad).<\/span><\/p>\n<p align=\"JUSTIFY\"><span style=\"font-family: Calibri, sans-serif;\">Para finalizar, resalt\u00f3 la importancia que tiene el trabajo en conjunto entre todos los actores sociales para obtener mejores resultados.\/ss-ds<\/span><\/p>\n<p style=\"text-align: justify;\">\n","protected":false},"excerpt":{"rendered":"<p class=\"excerpt\">Radio Cat\u00f3lica Nacional fue el escenario en donde \u00c1ngel Valverde, subsecretario de Cambio Clim\u00e1tico subrogante comparti\u00f3 micr\u00f3fonos con Guillermo Verdesoto, representante de la Fundaci\u00f3n Ecuatoriana de Tecnolog\u00eda Apropiada (FEDETA) y Pietro Graziani de la Mesa Nacional sobre la Gesti\u00f3n Integral de Residuos S\u00f3lidos (GIRS) para tratar temas relacionados con cambio clim\u00e1tico y gesti\u00f3n de residuos s\u00f3lidos. Durante el conversatorio, Valverde,&hellip; <a href=\"https:\/\/www.ambienteyenergia.gob.ec\/ambiente\/residuos-solidos-y-cambio-climatico-se-abordaron-en-programa-radial\/\">Read more &rarr;<\/a><\/p>\n","protected":false},"author":13,"featured_media":23214,"comment_status":"open","ping_status":"open","sticky":false,"template":"","format":"standard","meta":{"footnotes":""},"categories":[16,4],"tags":[133,600,108,53],"class_list":["post-23807","post","type-post","status-publish","format-standard","has-post-thumbnail","hentry","category-comunicamos","category-noticias","tag-cambio-climatico","tag-gestion-de-residuos-solidos","tag-lorena-tapia","tag-mae","xfolkentry"],"_links":{"self":[{"href":"https:\/\/www.ambienteyenergia.gob.ec\/ambiente\/wp-json\/wp\/v2\/posts\/23807","targetHints":{"allow":["GET"]}}],"collection":[{"href":"https:\/\/www.ambienteyenergia.gob.ec\/ambiente\/wp-json\/wp\/v2\/posts"}],"about":[{"href":"https:\/\/www.ambienteyenergia.gob.ec\/ambiente\/wp-json\/wp\/v2\/types\/post"}],"author":[{"embeddable":true,"href":"https:\/\/www.ambienteyenergia.gob.ec\/ambiente\/wp-json\/wp\/v2\/users\/13"}],"replies":[{"embeddable":true,"href":"https:\/\/www.ambienteyenergia.gob.ec\/ambiente\/wp-json\/wp\/v2\/comments?post=23807"}],"version-history":[{"count":0,"href":"https:\/\/www.ambienteyenergia.gob.ec\/ambiente\/wp-json\/wp\/v2\/posts\/23807\/revisions"}],"wp:featuredmedia":[{"embeddable":true,"href":"https:\/\/www.ambienteyenergia.gob.ec\/ambiente\/wp-json\/wp\/v2\/media\/23214"}],"wp:attachment":[{"href":"https:\/\/www.ambienteyenergia.gob.ec\/ambiente\/wp-json\/wp\/v2\/media?parent=23807"}],"wp:term":[{"taxonomy":"category","embeddable":true,"href":"https:\/\/www.ambienteyenergia.gob.ec\/ambiente\/wp-json\/wp\/v2\/categories?post=23807"},{"taxonomy":"post_tag","embeddable":true,"href":"https:\/\/www.ambienteyenergia.gob.ec\/ambiente\/wp-json\/wp\/v2\/tags?post=23807"}],"curies":[{"name":"wp","href":"https:\/\/api.w.org\/{rel}","templated":true}]}}