{"id":23804,"date":"2014-12-15T20:10:26","date_gmt":"2014-12-16T01:10:26","guid":{"rendered":"http:\/\/www.ambiente.gob.ec\/?p=23804"},"modified":"2014-12-15T20:10:26","modified_gmt":"2014-12-16T01:10:26","slug":"ecuador-y-colombia-trabajaran-en-conjunto-en-temas-ambientales","status":"publish","type":"post","link":"https:\/\/www.ambienteyenergia.gob.ec\/ambiente\/ecuador-y-colombia-trabajaran-en-conjunto-en-temas-ambientales\/","title":{"rendered":"Ecuador y Colombia trabajar\u00e1n en conjunto en temas ambientales"},"content":{"rendered":"<p style=\"text-align: justify;\">En el marco del III Gabinete Binacional Ecuador \u2013 Colombia, ambos pa\u00edses hablaron sobre la importancia de iniciar un fuerte trabajo para impulsar la protecci\u00f3n del ambiente, tomando en cuenta la diversidad de flora y fauna de nuestros pa\u00edses.<\/p>\n<p style=\"text-align: justify;\">\u201cEsto es sumamente importante, nuestros pa\u00edses Ecuador y Colombia, est\u00e1n entre los m\u00e1s megadiversos del planeta y obviamente el ecosistema, las cuencas hidrogr\u00e1ficas no conocen de fronteras\u201d dijo Rafael Correa, Presidente del Ecuador.<\/p>\n<p style=\"text-align: justify;\">Por ello, se habla de construir pol\u00edticas que emprendan el cuidado por ejemplo de las cuencas amaz\u00f3nicas, que poseen los dos pa\u00edses hermanos. \u00abProfundizaremos los cambios que se proponen y habr\u00e1 un seguimiento en cada una de las \u00e1reas\u00bb se\u00f1al\u00f3 el Presidente de Colombia, Juan Manuel Santos.<\/p>\n<p style=\"text-align: justify;\">Adem\u00e1s, Ecuador y Colombia coordinan otros temas de cooperaci\u00f3n como: el desarrollo fronterizo, migraciones, desplazamiento y refugiados, lucha contra el tr\u00e1fico de estupefacientes y cooperaci\u00f3n t\u00e9cnica.<\/p>\n<p style=\"text-align: justify;\">Sin embargo, uno de los puntos m\u00e1s relevantes dentro de la reuni\u00f3n, fue la construcci\u00f3n de un Plan Binacional de Integraci\u00f3n Fronteriza con visi\u00f3n al a\u00f1o 2021, elaborado conjuntamente por el Departamento Nacional de Planeaci\u00f3n (DNP) de Colombia y la Secretar\u00eda Nacional de Planificaci\u00f3n y Desarrollo (Senplades) de Ecuador; un Plan que se basa en que la paz es un elemento fundamental, as\u00ed como la integraci\u00f3n, la erradicaci\u00f3n de la pobreza y el desarrollo del comercio y productividad de ambos pa\u00edses.<\/p>\n<p style=\"text-align: justify;\">\u201cEs un plan muy bien concebido que se enfoca en lo que el bienestar de la gente, con indicadores concretos, con metas completas. Por eso, yo quiero felicitar a las dos instituciones que hicieron posible este plan, porque nos va a trazar una ruta muy importante para afianzar las relaciones de los dos pa\u00edses\u201d dijo Santos.<\/p>\n<p style=\"text-align: justify;\">Por otro lado, habr\u00e1 interconexi\u00f3n energ\u00e9tica de nueve centros poblados del Departamento Nari\u00f1o y del Departamento de Putumayo que benefician a 2500 personas, donde el Ecuador proveer\u00e1 de electricidad. En cuanto a la infraestructura vial se habla de los estudios para la construcci\u00f3n de la ampliaci\u00f3n del Puente Internacional de Rumichaca y del Puente Internacional sobre el r\u00edo Mataje.<\/p>\n<p style=\"text-align: justify;\">Este y otros acuerdos marcan grandes avances en los 4 \u00faltimos a\u00f1os que los Gobiernos han iniciado un trabajo conjunto en beneficio de los m\u00e1s de 60 000 refugiados que existen en el pa\u00eds, como tambi\u00e9n con las poblaciones fronterizas de Ecuador y Colombia. \u201cYa no competimos, unificamos esfuerzos y obviamente trabajamos por el Buen vivir de nuestros pueblos\u201d se\u00f1al\u00f3 Correa.<\/p>\n<p style=\"text-align: justify;\">El encuentro que se dio lugar en el Cant\u00f3n R\u00edo Verde, deja abierto el camino para el IV Gabinete Binacional y Encuentro Presidencial, que sin duda continuar\u00e1 con el trabajo de afianzar las relaciones de ambos pa\u00edses.<\/p>\n","protected":false},"excerpt":{"rendered":"<p class=\"excerpt\">En el marco del III Gabinete Binacional Ecuador \u2013 Colombia, ambos pa\u00edses hablaron sobre la importancia de iniciar un fuerte trabajo para impulsar la protecci\u00f3n del ambiente, tomando en cuenta la diversidad de flora y fauna de nuestros pa\u00edses. \u201cEsto es sumamente importante, nuestros pa\u00edses Ecuador y Colombia, est\u00e1n entre los m\u00e1s megadiversos del planeta y obviamente el ecosistema, las&hellip; <a href=\"https:\/\/www.ambienteyenergia.gob.ec\/ambiente\/ecuador-y-colombia-trabajaran-en-conjunto-en-temas-ambientales\/\">Read more &rarr;<\/a><\/p>\n","protected":false},"author":13,"featured_media":23805,"comment_status":"open","ping_status":"open","sticky":false,"template":"","format":"standard","meta":{"footnotes":""},"categories":[16,4],"tags":[53],"class_list":["post-23804","post","type-post","status-publish","format-standard","has-post-thumbnail","hentry","category-comunicamos","category-noticias","tag-mae","xfolkentry"],"_links":{"self":[{"href":"https:\/\/www.ambienteyenergia.gob.ec\/ambiente\/wp-json\/wp\/v2\/posts\/23804","targetHints":{"allow":["GET"]}}],"collection":[{"href":"https:\/\/www.ambienteyenergia.gob.ec\/ambiente\/wp-json\/wp\/v2\/posts"}],"about":[{"href":"https:\/\/www.ambienteyenergia.gob.ec\/ambiente\/wp-json\/wp\/v2\/types\/post"}],"author":[{"embeddable":true,"href":"https:\/\/www.ambienteyenergia.gob.ec\/ambiente\/wp-json\/wp\/v2\/users\/13"}],"replies":[{"embeddable":true,"href":"https:\/\/www.ambienteyenergia.gob.ec\/ambiente\/wp-json\/wp\/v2\/comments?post=23804"}],"version-history":[{"count":0,"href":"https:\/\/www.ambienteyenergia.gob.ec\/ambiente\/wp-json\/wp\/v2\/posts\/23804\/revisions"}],"wp:featuredmedia":[{"embeddable":true,"href":"https:\/\/www.ambienteyenergia.gob.ec\/ambiente\/wp-json\/wp\/v2\/media\/23805"}],"wp:attachment":[{"href":"https:\/\/www.ambienteyenergia.gob.ec\/ambiente\/wp-json\/wp\/v2\/media?parent=23804"}],"wp:term":[{"taxonomy":"category","embeddable":true,"href":"https:\/\/www.ambienteyenergia.gob.ec\/ambiente\/wp-json\/wp\/v2\/categories?post=23804"},{"taxonomy":"post_tag","embeddable":true,"href":"https:\/\/www.ambienteyenergia.gob.ec\/ambiente\/wp-json\/wp\/v2\/tags?post=23804"}],"curies":[{"name":"wp","href":"https:\/\/api.w.org\/{rel}","templated":true}]}}