{"id":23799,"date":"2014-12-15T16:03:46","date_gmt":"2014-12-15T21:03:46","guid":{"rendered":"http:\/\/www.ambiente.gob.ec\/?p=23799"},"modified":"2014-12-15T20:08:09","modified_gmt":"2014-12-16T01:08:09","slug":"iii-gabinete-binacional-ecuador-colombia-se-desarrolla-en-esmeraldas","status":"publish","type":"post","link":"https:\/\/www.ambienteyenergia.gob.ec\/ambiente\/iii-gabinete-binacional-ecuador-colombia-se-desarrolla-en-esmeraldas\/","title":{"rendered":"III Gabinete  Binacional Ecuador \u2013 Colombia se desarrolla en Esmeraldas"},"content":{"rendered":"<p style=\"text-align: justify;\">El Ministerio del Ambiente del Ecuador (MAE) participa del III Gabinete Binacional Ecuador \u2013 Colombia que se desarrolla en las instalaciones del Centro de Entrenamiento para el Alto Rendimiento ubicado en R\u00edo Verde, con el objetivo de evaluar la marcha de sus compromisos y proyectos en com\u00fan, durante los \u00faltimos meses.<\/p>\n<p style=\"text-align: justify;\">Alrededor del medio d\u00eda el Presidente de la Rep\u00fablica del Ecuador, Rafael Correa y su hom\u00f3logo colombiano, Juan Manual Santos llegaron hasta el centro para dar inicio a este importante encuentro que girar\u00e1 en torno a 6 ejes tem\u00e1ticos:<\/p>\n<ol style=\"text-align: justify;\">\n<li><strong>Seguridad y Defensa.-<\/strong> Uno de los logros obtenidos es la cooperaci\u00f3n conjunta en casos de emergencias naturales; adem\u00e1s grandes avances en el combate a la miner\u00eda ilegal que ha afectado a ambas naciones.<\/li>\n<li><strong>Infraestructura y Conectividad.-<\/strong> Ecuador y Colombia dise\u00f1an la construcci\u00f3n del puente internacional sobre el r\u00edo Mataje, que conectar\u00e1 a los dos pa\u00edses. En este sentido se habl\u00f3 de mejorar la conectividad con el pa\u00eds hermano, tomando en cuenta que s\u00f3lo existen dos conexiones fronterizas con Colombia.<\/li>\n<li><strong>Asuntos Fronterizos.-<\/strong> Construir una nueva frontera para el desarrollo com\u00fan. \u201cDebemos conocer cu\u00e1l es la situaci\u00f3n de las fronteras, solo as\u00ed podemos actuar con fuerza en temas de educaci\u00f3n, infraestructura, salud, seguridad, etc\u00e9tera\u201d Dijo Correa. La meta es construir un s\u00f3lido Plan Binacional de Integraci\u00f3n Fronteriza.<\/li>\n<li><strong>Medio Ambiente.-<\/strong> Se trabaja en varios compromisos que aporten al cuidado del medio ambiente. \u201cLos dos pa\u00edses tenemos algo en com\u00fan, queremos aportar con proyectos que combatan el calentamiento global y por ello debemos trabajar\u201d se\u00f1al\u00f3 Juan Manuel Santos, Presidente de Colombia.<\/li>\n<li><strong>Sociales y Culturales<\/strong><\/li>\n<li><strong>Econ\u00f3micos y Comerciales.- <\/strong>Se habla de la creaci\u00f3n de una moneda nacional, como un instrumento para enfrentar crisis o problemas en el sector externo.<\/li>\n<\/ol>\n<p style=\"text-align: justify;\">Culminada la Ceremonia Inaugural del III Gabinete Binacional; los presidentes y delegados de Ecuador y Colombia trabajar\u00e1n en dichas tem\u00e1ticas con el fin de beneficiar a los habitantes de las zonas fronterizas. \u201cYa en tres reuniones se ven resultados completos que est\u00e1n beneficiando a m\u00e1s de 2 millones y medio de personas que est\u00e1n en nuestra frontera\u201d Juan Manuel Santos, Presidente de Colombia<\/p>\n<p style=\"text-align: justify;\">Por su parte el Presidente de la Rep\u00fablica, Rafael Correa se\u00f1al\u00f3 \u201cHay buenas noticias para Colombia, Ecuador, Sudam\u00e9rica, Latinoam\u00e9rica, el mundo entero; la paz avanza. Reciba todo nuestro apoyo Presidente Juan Manuel Santos por su voluntad pol\u00edtica, de continuar en el camino hacia la paz definitiva de Colombia\u201d<\/p>\n<p style=\"text-align: justify;\">La plenaria del III Gabinete se realiza a puerta cerrada, para posteriormente dar paso a la declaraci\u00f3n conjunta; donde ambos pa\u00edses firmaran los acuerdos alcanzados en este encuentro.<\/p>\n<p style=\"text-align: justify;\">MH<\/p>\n","protected":false},"excerpt":{"rendered":"<p class=\"excerpt\">El Ministerio del Ambiente del Ecuador (MAE) participa del III Gabinete Binacional Ecuador \u2013 Colombia que se desarrolla en las instalaciones del Centro de Entrenamiento para el Alto Rendimiento ubicado en R\u00edo Verde, con el objetivo de evaluar la marcha de sus compromisos y proyectos en com\u00fan, durante los \u00faltimos meses. Alrededor del medio d\u00eda el Presidente de la Rep\u00fablica&hellip; <a href=\"https:\/\/www.ambienteyenergia.gob.ec\/ambiente\/iii-gabinete-binacional-ecuador-colombia-se-desarrolla-en-esmeraldas\/\">Read more &rarr;<\/a><\/p>\n","protected":false},"author":13,"featured_media":23800,"comment_status":"open","ping_status":"open","sticky":false,"template":"","format":"standard","meta":{"footnotes":""},"categories":[16,4],"tags":[53],"class_list":["post-23799","post","type-post","status-publish","format-standard","has-post-thumbnail","hentry","category-comunicamos","category-noticias","tag-mae","xfolkentry"],"_links":{"self":[{"href":"https:\/\/www.ambienteyenergia.gob.ec\/ambiente\/wp-json\/wp\/v2\/posts\/23799","targetHints":{"allow":["GET"]}}],"collection":[{"href":"https:\/\/www.ambienteyenergia.gob.ec\/ambiente\/wp-json\/wp\/v2\/posts"}],"about":[{"href":"https:\/\/www.ambienteyenergia.gob.ec\/ambiente\/wp-json\/wp\/v2\/types\/post"}],"author":[{"embeddable":true,"href":"https:\/\/www.ambienteyenergia.gob.ec\/ambiente\/wp-json\/wp\/v2\/users\/13"}],"replies":[{"embeddable":true,"href":"https:\/\/www.ambienteyenergia.gob.ec\/ambiente\/wp-json\/wp\/v2\/comments?post=23799"}],"version-history":[{"count":0,"href":"https:\/\/www.ambienteyenergia.gob.ec\/ambiente\/wp-json\/wp\/v2\/posts\/23799\/revisions"}],"wp:featuredmedia":[{"embeddable":true,"href":"https:\/\/www.ambienteyenergia.gob.ec\/ambiente\/wp-json\/wp\/v2\/media\/23800"}],"wp:attachment":[{"href":"https:\/\/www.ambienteyenergia.gob.ec\/ambiente\/wp-json\/wp\/v2\/media?parent=23799"}],"wp:term":[{"taxonomy":"category","embeddable":true,"href":"https:\/\/www.ambienteyenergia.gob.ec\/ambiente\/wp-json\/wp\/v2\/categories?post=23799"},{"taxonomy":"post_tag","embeddable":true,"href":"https:\/\/www.ambienteyenergia.gob.ec\/ambiente\/wp-json\/wp\/v2\/tags?post=23799"}],"curies":[{"name":"wp","href":"https:\/\/api.w.org\/{rel}","templated":true}]}}