{"id":23796,"date":"2014-12-15T17:01:19","date_gmt":"2014-12-15T22:01:19","guid":{"rendered":"http:\/\/www.ambiente.gob.ec\/?p=23796"},"modified":"2014-12-15T17:01:19","modified_gmt":"2014-12-15T22:01:19","slug":"galapagos-eliminara-la-utilizacion-de-fundas-plasticas","status":"publish","type":"post","link":"https:\/\/www.ambienteyenergia.gob.ec\/ambiente\/galapagos-eliminara-la-utilizacion-de-fundas-plasticas\/","title":{"rendered":"Gal\u00e1pagos eliminar\u00e1 la utilizaci\u00f3n de fundas pl\u00e1sticas"},"content":{"rendered":"<p align=\"JUSTIFY\">Una vez emitida la Resoluci\u00f3n N\u00ba 038 CGREG &#8211; 19 &#8211; XI &#8211; 2014, del pleno del Consejo de Gobierno de Gal\u00e1pagos, la cual busca promover el consumo responsable de pl\u00e1sticos mediante la regulaci\u00f3n de la comercializaci\u00f3n y distribuci\u00f3n de productos pl\u00e1sticos desechables: fundas pl\u00e1sticas tipo camiseta, envases pl\u00e1sticos de poliestileno expandido (espuma flex) en la provincia, el Ministerio del Ambiente, a trav\u00e9s de la Direcci\u00f3n del Parque Nacional Gal\u00e1pagos, como parte de una comisi\u00f3n interinstitucional, inici\u00f3 la entrega de bolsas de tela para cada una de las familias del archipi\u00e9lago, a fin de que sean utilizadas en las compras diarias.<\/p>\n<p align=\"JUSTIFY\">La entrega de fundas de tela se realiza mediante una corta visita puerta a puerta, ejecutada por guardaparques y 19 estudiantes del programa de alternativa estudiantil que forman parte del proyecto de educaci\u00f3n ambiental que coordina la DPNG en Santa Cruz. El Barrio La Cascada fue el primer sector visitado. Aqu\u00ed 173 familias escucharon el mensaje de un consumo responsable de pl\u00e1sticos y recibieron gratuitamente su funda de tela. Estas son parte de las 3 000 que se prev\u00e9 entregar en este cant\u00f3n.<\/p>\n<p align=\"JUSTIFY\">Las bolsas de tela entregadas fueron fabricadas especialmente para hacer compras; el tama\u00f1o, la calidad y los refuerzos en sus costuras permiten soportar peso y se pueden reutilizar durante varios a\u00f1os.<\/p>\n<p>Luego de realizar la entrega se present\u00f3 la obra de t\u00edteres \u201cPlasticol\u201d, con el objetivo de promover una consciencia ambientalmente responsable acerca del problema del pl\u00e1stico y las alternativas a \u00e9ste, recordando que este material es producto del procesamiento del petr\u00f3leo, con el fin de lograr motivar a la comunidad a unirse a esta campa\u00f1a y librar de pl\u00e1sticos innecesarios a las islas.<\/p>\n<p align=\"JUSTIFY\">El objetivo de esta campa\u00f1a es concienciar a la comunidad acerca de la problem\u00e1tica ambiental y social por un inadecuado uso de materiales pl\u00e1sticos y convertir a la provincia en un ejemplo del consumo responsable de los mismos.\/rl-ds<\/p>\n","protected":false},"excerpt":{"rendered":"<p class=\"excerpt\">Una vez emitida la Resoluci\u00f3n N\u00ba 038 CGREG &#8211; 19 &#8211; XI &#8211; 2014, del pleno del Consejo de Gobierno de Gal\u00e1pagos, la cual busca promover el consumo responsable de pl\u00e1sticos mediante la regulaci\u00f3n de la comercializaci\u00f3n y distribuci\u00f3n de productos pl\u00e1sticos desechables: fundas pl\u00e1sticas tipo camiseta, envases pl\u00e1sticos de poliestileno expandido (espuma flex) en la provincia, el Ministerio del&hellip; <a href=\"https:\/\/www.ambienteyenergia.gob.ec\/ambiente\/galapagos-eliminara-la-utilizacion-de-fundas-plasticas\/\">Read more &rarr;<\/a><\/p>\n","protected":false},"author":13,"featured_media":23797,"comment_status":"open","ping_status":"open","sticky":false,"template":"","format":"standard","meta":{"footnotes":""},"categories":[16,4],"tags":[56,599,108,53],"class_list":["post-23796","post","type-post","status-publish","format-standard","has-post-thumbnail","hentry","category-comunicamos","category-noticias","tag-galapagos","tag-libre-de-plastico","tag-lorena-tapia","tag-mae","xfolkentry"],"_links":{"self":[{"href":"https:\/\/www.ambienteyenergia.gob.ec\/ambiente\/wp-json\/wp\/v2\/posts\/23796","targetHints":{"allow":["GET"]}}],"collection":[{"href":"https:\/\/www.ambienteyenergia.gob.ec\/ambiente\/wp-json\/wp\/v2\/posts"}],"about":[{"href":"https:\/\/www.ambienteyenergia.gob.ec\/ambiente\/wp-json\/wp\/v2\/types\/post"}],"author":[{"embeddable":true,"href":"https:\/\/www.ambienteyenergia.gob.ec\/ambiente\/wp-json\/wp\/v2\/users\/13"}],"replies":[{"embeddable":true,"href":"https:\/\/www.ambienteyenergia.gob.ec\/ambiente\/wp-json\/wp\/v2\/comments?post=23796"}],"version-history":[{"count":0,"href":"https:\/\/www.ambienteyenergia.gob.ec\/ambiente\/wp-json\/wp\/v2\/posts\/23796\/revisions"}],"wp:featuredmedia":[{"embeddable":true,"href":"https:\/\/www.ambienteyenergia.gob.ec\/ambiente\/wp-json\/wp\/v2\/media\/23797"}],"wp:attachment":[{"href":"https:\/\/www.ambienteyenergia.gob.ec\/ambiente\/wp-json\/wp\/v2\/media?parent=23796"}],"wp:term":[{"taxonomy":"category","embeddable":true,"href":"https:\/\/www.ambienteyenergia.gob.ec\/ambiente\/wp-json\/wp\/v2\/categories?post=23796"},{"taxonomy":"post_tag","embeddable":true,"href":"https:\/\/www.ambienteyenergia.gob.ec\/ambiente\/wp-json\/wp\/v2\/tags?post=23796"}],"curies":[{"name":"wp","href":"https:\/\/api.w.org\/{rel}","templated":true}]}}