{"id":23793,"date":"2014-12-15T16:47:12","date_gmt":"2014-12-15T21:47:12","guid":{"rendered":"http:\/\/www.ambiente.gob.ec\/?p=23793"},"modified":"2014-12-15T16:47:12","modified_gmt":"2014-12-15T21:47:12","slug":"mae-y-midena-implementan-protocolos-para-fortalecer-la-gestion-ambiental-a-nivel-nacional","status":"publish","type":"post","link":"https:\/\/www.ambienteyenergia.gob.ec\/ambiente\/mae-y-midena-implementan-protocolos-para-fortalecer-la-gestion-ambiental-a-nivel-nacional\/","title":{"rendered":"MAE y MIDENA implementan protocolos para fortalecer la gesti\u00f3n ambiental a nivel Nacional"},"content":{"rendered":"<p lang=\"es-EC\" align=\"JUSTIFY\"><span style=\"font-family: Calibri, serif;\">El Ministerio del Ambiente (MAE) y el Ministerio de Defensa Nacional (MIDENA) en el marco de competencias, atribuciones y pol\u00edticas deciden sumar esfuerzos conjuntos para la preservaci\u00f3n del ambiente, la conservaci\u00f3n de los ecosistemas, la biodiversidad y la protecci\u00f3n del patrimonio natural, acuerdos a los que se llegaron en un taller en el cual participaron ambas instituciones el pasado 12 de diciembre.<\/span><\/p>\n<p align=\"JUSTIFY\"><span style=\"font-family: Calibri, serif;\"><span lang=\"es-EC\">Dentro de los compromisos acordado se destaca el fortalecimiento de las acciones para el control del tr\u00e1fico il\u00edcito de vidas silvestre y productos forestales, incrementando de esta manera la conservaci\u00f3n y restauraci\u00f3n de ecosistemas sumando tem\u00e1ticas educativas dentro del p<\/span><\/span><span style=\"font-family: Calibri, serif;\"><span lang=\"es-EC\">\u00e9<\/span><\/span><span style=\"font-family: Calibri, serif;\"><span lang=\"es-EC\">nsum de estudios de las escuelas de Formaci\u00f3n, Perfeccionamiento y Especializaci\u00f3n de las Fuerzas Armadas del Ecuador que permitir\u00e1n cumplir con metas de protecci\u00f3n ambiental objetivo para 2015.<\/span><\/span><\/p>\n<p lang=\"es-EC\" align=\"JUSTIFY\"><span style=\"font-family: Calibri, serif;\">El representante de las Fuerzas Armadas, Coronel William Guerra, destac\u00f3 que la seguridad y defensa de un Estado se ve reflejada en como maneja su Biodiversidad. Por ello las Fuerzas Armadas del Ecuador encaminar\u00e1n sus esfuerzos para incrementar el apoyo en proyectos participativos de conciencia nacional que fomenten la valoraci\u00f3n, protecci\u00f3n, conservaci\u00f3n y uso racional de los recursos naturales de inter\u00e9s estrat\u00e9gico dentro del Modelo de Gesti\u00f3n de Defensa <\/span><\/p>\n<p lang=\"es-EC\" align=\"JUSTIFY\"><span style=\"font-family: Calibri, serif;\">En este sentido el Comando Conjunto brindar\u00e1 apoyo log\u00edstico y operativo para el cumplimiento de los compromisos establecidos en los protocolos sin descuidar su misi\u00f3n constitucional, seg\u00fan lo se\u00f1ala la Nota Reversal N\u00b0 099 de 19 de mayo de 2014, suscrita entre el MIDENA y el MAE, para la conservaci\u00f3n del Patrimonio Natural del Estado ecuatoriano, a trav\u00e9s de la elaboraci\u00f3n de protocolos que incluyan actividades y acciones cuyas l\u00edneas estrategias son:<\/span><\/p>\n<ul>\n<li>\n<p lang=\"es-EC\" align=\"JUSTIFY\"><span style=\"font-family: Calibri, serif;\">Tr\u00e1fico de comercio il\u00edcito de vida silvestre <\/span><\/p>\n<\/li>\n<li>\n<p lang=\"es-EC\" align=\"JUSTIFY\"><span style=\"font-family: Calibri, serif;\">Levantamiento de productos forestales ilegales y otros sectores <\/span><\/p>\n<\/li>\n<li>\n<p lang=\"es-EC\" align=\"JUSTIFY\"><span style=\"font-family: Calibri, serif;\">Tr\u00e1fico il\u00edcito de materiales peligrosos y otros desechos <\/span><\/p>\n<\/li>\n<li>\n<p lang=\"es-EC\" align=\"JUSTIFY\"><span style=\"font-family: Calibri, serif;\">Uso de infraestructura y medios de radiocomunicaci\u00f3n<\/span><\/p>\n<\/li>\n<\/ul>\n<p align=\"JUSTIFY\"><span style=\"font-family: Calibri, serif;\"><span lang=\"es-EC\">Mediante la Nota Reversal y sus l\u00edneas estrat\u00e9gicas se conservar\u00e1n y proteger\u00e1n los recursos naturales evitando actos il\u00edcitos en contra del ambiente dentro de esta alianza estrat\u00e9gica interinstitucional.<\/span><\/span><span style=\"font-family: Calibri, serif;\"><span lang=\"es-EC\">\/mh-ds<\/span><\/span><\/p>\n","protected":false},"excerpt":{"rendered":"<p class=\"excerpt\">El Ministerio del Ambiente (MAE) y el Ministerio de Defensa Nacional (MIDENA) en el marco de competencias, atribuciones y pol\u00edticas deciden sumar esfuerzos conjuntos para la preservaci\u00f3n del ambiente, la conservaci\u00f3n de los ecosistemas, la biodiversidad y la protecci\u00f3n del patrimonio natural, acuerdos a los que se llegaron en un taller en el cual participaron ambas instituciones el pasado 12&hellip; <a href=\"https:\/\/www.ambienteyenergia.gob.ec\/ambiente\/mae-y-midena-implementan-protocolos-para-fortalecer-la-gestion-ambiental-a-nivel-nacional\/\">Read more &rarr;<\/a><\/p>\n","protected":false},"author":13,"featured_media":23794,"comment_status":"open","ping_status":"open","sticky":false,"template":"","format":"standard","meta":{"footnotes":""},"categories":[16,4],"tags":[597,598,108,53,498],"class_list":["post-23793","post","type-post","status-publish","format-standard","has-post-thumbnail","hentry","category-comunicamos","category-noticias","tag-ffaa","tag-gestion-ambiental","tag-lorena-tapia","tag-mae","tag-nota-reversal","xfolkentry"],"_links":{"self":[{"href":"https:\/\/www.ambienteyenergia.gob.ec\/ambiente\/wp-json\/wp\/v2\/posts\/23793","targetHints":{"allow":["GET"]}}],"collection":[{"href":"https:\/\/www.ambienteyenergia.gob.ec\/ambiente\/wp-json\/wp\/v2\/posts"}],"about":[{"href":"https:\/\/www.ambienteyenergia.gob.ec\/ambiente\/wp-json\/wp\/v2\/types\/post"}],"author":[{"embeddable":true,"href":"https:\/\/www.ambienteyenergia.gob.ec\/ambiente\/wp-json\/wp\/v2\/users\/13"}],"replies":[{"embeddable":true,"href":"https:\/\/www.ambienteyenergia.gob.ec\/ambiente\/wp-json\/wp\/v2\/comments?post=23793"}],"version-history":[{"count":0,"href":"https:\/\/www.ambienteyenergia.gob.ec\/ambiente\/wp-json\/wp\/v2\/posts\/23793\/revisions"}],"wp:featuredmedia":[{"embeddable":true,"href":"https:\/\/www.ambienteyenergia.gob.ec\/ambiente\/wp-json\/wp\/v2\/media\/23794"}],"wp:attachment":[{"href":"https:\/\/www.ambienteyenergia.gob.ec\/ambiente\/wp-json\/wp\/v2\/media?parent=23793"}],"wp:term":[{"taxonomy":"category","embeddable":true,"href":"https:\/\/www.ambienteyenergia.gob.ec\/ambiente\/wp-json\/wp\/v2\/categories?post=23793"},{"taxonomy":"post_tag","embeddable":true,"href":"https:\/\/www.ambienteyenergia.gob.ec\/ambiente\/wp-json\/wp\/v2\/tags?post=23793"}],"curies":[{"name":"wp","href":"https:\/\/api.w.org\/{rel}","templated":true}]}}