{"id":23789,"date":"2014-12-15T16:38:48","date_gmt":"2014-12-15T21:38:48","guid":{"rendered":"http:\/\/www.ambiente.gob.ec\/?p=23789"},"modified":"2014-12-15T16:38:48","modified_gmt":"2014-12-15T21:38:48","slug":"mae-presento-el-reconocimiento-ecuatoriano-carbono-neutral-a-productores-quimicos","status":"publish","type":"post","link":"https:\/\/www.ambienteyenergia.gob.ec\/ambiente\/mae-presento-el-reconocimiento-ecuatoriano-carbono-neutral-a-productores-quimicos\/","title":{"rendered":"MAE present\u00f3 el Reconocimiento Ecuatoriano Carbono Neutral a productores qu\u00edmicos"},"content":{"rendered":"<p style=\"text-align: justify;\" align=\"CENTER\">Funcionarios de la Direcci\u00f3n Nacional de Mitigaci\u00f3n del Cambio Clim\u00e1tico del Ministerio del Ambiente, presentaron el Reconocimiento Ecuatoriano Ambiental Carbono Neutral a los gerentes y miembros de las empresas que pertenecen a la Asociaci\u00f3n de Productores Qu\u00edmicos del Ecuador.<\/p>\n<p style=\"text-align: justify;\"><span style=\"font-family: Arial, sans-serif;\">Durante el evento se explic\u00f3 los conceptos claves sobre la mitigaci\u00f3n del cambio clim\u00e1tico y la gesti\u00f3n empresarial y corporativa de emisiones de Gases de Efecto Invernadero (GEI).<\/span><\/p>\n<p style=\"text-align: justify;\"><span style=\"font-family: Arial, sans-serif;\">Asimismo, se resaltaron las acciones voluntarias que pueden emprender las empresas para mejorar sus procesos de gesti\u00f3n ambiental y darle un valor agregado a los servicios o productos que ofrecen.<\/span><\/p>\n<p><strong>El dato<\/strong><\/p>\n<p><span style=\"font-family: Arial, sans-serif;\">Para obtener el Reconocimiento Ecuatoriano Ambiental Carbono Neutral las empresas deben realizar un inventario de l\u00ednea base, elaborar una estrategia de reducci\u00f3n de emisiones de GEI y finalmente plantear una estrategia de compensaci\u00f3n de emisiones de GEI. Todas estas actividades son de car\u00e1cter voluntario y pueden realizarse para productos, para un proyecto o para toda la compa\u00f1\u00eda.<\/span><\/p>\n<p><span style=\"font-family: Arial, sans-serif;\">El Ministerio del Ambiente propone a usuarios e interesados en emprender actividades sobre este tema revisar algunos est\u00e1ndares y manuales tales como: GHG Protocol, PAS 2050, PAS 2060, ISO 14064, entre otros.\/ss-ds<\/span><\/p>\n","protected":false},"excerpt":{"rendered":"<p class=\"excerpt\">Funcionarios de la Direcci\u00f3n Nacional de Mitigaci\u00f3n del Cambio Clim\u00e1tico del Ministerio del Ambiente, presentaron el Reconocimiento Ecuatoriano Ambiental Carbono Neutral a los gerentes y miembros de las empresas que pertenecen a la Asociaci\u00f3n de Productores Qu\u00edmicos del Ecuador. Durante el evento se explic\u00f3 los conceptos claves sobre la mitigaci\u00f3n del cambio clim\u00e1tico y la gesti\u00f3n empresarial y corporativa de&hellip; <a href=\"https:\/\/www.ambienteyenergia.gob.ec\/ambiente\/mae-presento-el-reconocimiento-ecuatoriano-carbono-neutral-a-productores-quimicos\/\">Read more &rarr;<\/a><\/p>\n","protected":false},"author":13,"featured_media":23790,"comment_status":"open","ping_status":"open","sticky":false,"template":"","format":"standard","meta":{"footnotes":""},"categories":[16,4],"tags":[133,596,108,53],"class_list":["post-23789","post","type-post","status-publish","format-standard","has-post-thumbnail","hentry","category-comunicamos","category-noticias","tag-cambio-climatico","tag-carbono-neutro","tag-lorena-tapia","tag-mae","xfolkentry"],"_links":{"self":[{"href":"https:\/\/www.ambienteyenergia.gob.ec\/ambiente\/wp-json\/wp\/v2\/posts\/23789","targetHints":{"allow":["GET"]}}],"collection":[{"href":"https:\/\/www.ambienteyenergia.gob.ec\/ambiente\/wp-json\/wp\/v2\/posts"}],"about":[{"href":"https:\/\/www.ambienteyenergia.gob.ec\/ambiente\/wp-json\/wp\/v2\/types\/post"}],"author":[{"embeddable":true,"href":"https:\/\/www.ambienteyenergia.gob.ec\/ambiente\/wp-json\/wp\/v2\/users\/13"}],"replies":[{"embeddable":true,"href":"https:\/\/www.ambienteyenergia.gob.ec\/ambiente\/wp-json\/wp\/v2\/comments?post=23789"}],"version-history":[{"count":0,"href":"https:\/\/www.ambienteyenergia.gob.ec\/ambiente\/wp-json\/wp\/v2\/posts\/23789\/revisions"}],"wp:featuredmedia":[{"embeddable":true,"href":"https:\/\/www.ambienteyenergia.gob.ec\/ambiente\/wp-json\/wp\/v2\/media\/23790"}],"wp:attachment":[{"href":"https:\/\/www.ambienteyenergia.gob.ec\/ambiente\/wp-json\/wp\/v2\/media?parent=23789"}],"wp:term":[{"taxonomy":"category","embeddable":true,"href":"https:\/\/www.ambienteyenergia.gob.ec\/ambiente\/wp-json\/wp\/v2\/categories?post=23789"},{"taxonomy":"post_tag","embeddable":true,"href":"https:\/\/www.ambienteyenergia.gob.ec\/ambiente\/wp-json\/wp\/v2\/tags?post=23789"}],"curies":[{"name":"wp","href":"https:\/\/api.w.org\/{rel}","templated":true}]}}