{"id":23786,"date":"2014-12-15T11:12:42","date_gmt":"2014-12-15T16:12:42","guid":{"rendered":"http:\/\/www.ambiente.gob.ec\/?p=23786"},"modified":"2014-12-15T11:12:42","modified_gmt":"2014-12-15T16:12:42","slug":"medida-de-adaptacion-al-cambio-climatico-fue-implementada-en-la-comunidad-llignay","status":"publish","type":"post","link":"https:\/\/www.ambienteyenergia.gob.ec\/ambiente\/medida-de-adaptacion-al-cambio-climatico-fue-implementada-en-la-comunidad-llignay\/","title":{"rendered":"Medida de adaptaci\u00f3n al cambio clim\u00e1tico fue implementada en la comunidad Llig\u00f1ay"},"content":{"rendered":"<p lang=\"es-EC\" align=\"JUSTIFY\">Con el aporte de varias instituciones, se logr\u00f3 una serie de acciones conjuntas como medida de adaptaci\u00f3n al cambio clim\u00e1tico en la comunidad de Llig\u00f1ay, parroquia Ulba en el cant\u00f3n Ba\u00f1os.<\/p>\n<p lang=\"es-EC\" align=\"JUSTIFY\">Ulba, se ubica en la zona que comparte la cola del embalse de la central Agoy\u00e1n y por lo tanto, en el \u00e1rea de influencia directa e indirecta de la represa, compartiendo de forma simult\u00e1nea los problemas de deslizamientos de tierra provocados por las intensas lluvias, sequ\u00eda y variabilidad del clima que cada vez son m\u00e1s irregulares afectando de forma significativa la producci\u00f3n de energ\u00eda el\u00e9ctrica y la actividad agr\u00edcola.<\/p>\n<p align=\"JUSTIFY\">El sistema ambiental de la parroquia Ulba se encuentra en un estado de riesgo por el uso y aprovechamiento inadecuado de la microcuenca donde se asienta, por ejemplo, las actividades de siembra realizadas en pendiente le hace especialmente vulnerable a los deslizamientos de tierra, sumado al cambio en los patrones de clima. Para enfrentar los problemas mencionados, se deben considerar soluciones que impliquen una acci\u00f3n inmediata y, tambi\u00e9n, m\u00e9todos de prevenci\u00f3n para impedir un mayor deterioro a futuro.<\/p>\n<p lang=\"es-EC\" align=\"JUSTIFY\"><span style=\"font-family: Arial, sans-serif;\">Como medida de adaptaci\u00f3n al cambio clim\u00e1tico, funcionarios de la Subsecretar\u00eda de Cambio Clim\u00e1tico del Ministerio del Ambiente (MAE), Parque Nacional Llanganates, Corporaci\u00f3n El\u00e9ctrica del Ecuador (CELEC), y Fondo Mundial para la Naturaleza (WWF, por sus siglas en ingl\u00e9s), capacitaron a los habitantes de la comunidad de Llig\u00f1ay en conceptos de cambio clim\u00e1tico y producci\u00f3n de biofertilizantes; entregaron y sembraron en conjunto 500 plantas frutales (Aguacate Hass, Aguacate Fuerte, Granadilla, Lim\u00f3n Meyer y Taithi, Mora de Castilla, Naranjilla, Tomate de \u00e1rbol y Mandarina), 2275 plantas forestales (Guarango, Acacia, Nogal, Cedrela montana, Lupino, Chol\u00e1n y Array\u00e1n); y entregaron kits agr\u00edcolas para la elaboraci\u00f3n de abonos org\u00e1nicos (cal agr\u00edcola, tanque pl\u00e1stico -para elaboraci\u00f3n de biofertilizantes- y melaza).\/ss-ds<\/span><\/p>\n","protected":false},"excerpt":{"rendered":"<p class=\"excerpt\">Con el aporte de varias instituciones, se logr\u00f3 una serie de acciones conjuntas como medida de adaptaci\u00f3n al cambio clim\u00e1tico en la comunidad de Llig\u00f1ay, parroquia Ulba en el cant\u00f3n Ba\u00f1os. Ulba, se ubica en la zona que comparte la cola del embalse de la central Agoy\u00e1n y por lo tanto, en el \u00e1rea de influencia directa e indirecta de&hellip; <a href=\"https:\/\/www.ambienteyenergia.gob.ec\/ambiente\/medida-de-adaptacion-al-cambio-climatico-fue-implementada-en-la-comunidad-llignay\/\">Read more &rarr;<\/a><\/p>\n","protected":false},"author":13,"featured_media":23787,"comment_status":"open","ping_status":"open","sticky":false,"template":"","format":"standard","meta":{"footnotes":""},"categories":[16,4],"tags":[133,108,53],"class_list":["post-23786","post","type-post","status-publish","format-standard","has-post-thumbnail","hentry","category-comunicamos","category-noticias","tag-cambio-climatico","tag-lorena-tapia","tag-mae","xfolkentry"],"_links":{"self":[{"href":"https:\/\/www.ambienteyenergia.gob.ec\/ambiente\/wp-json\/wp\/v2\/posts\/23786","targetHints":{"allow":["GET"]}}],"collection":[{"href":"https:\/\/www.ambienteyenergia.gob.ec\/ambiente\/wp-json\/wp\/v2\/posts"}],"about":[{"href":"https:\/\/www.ambienteyenergia.gob.ec\/ambiente\/wp-json\/wp\/v2\/types\/post"}],"author":[{"embeddable":true,"href":"https:\/\/www.ambienteyenergia.gob.ec\/ambiente\/wp-json\/wp\/v2\/users\/13"}],"replies":[{"embeddable":true,"href":"https:\/\/www.ambienteyenergia.gob.ec\/ambiente\/wp-json\/wp\/v2\/comments?post=23786"}],"version-history":[{"count":0,"href":"https:\/\/www.ambienteyenergia.gob.ec\/ambiente\/wp-json\/wp\/v2\/posts\/23786\/revisions"}],"wp:featuredmedia":[{"embeddable":true,"href":"https:\/\/www.ambienteyenergia.gob.ec\/ambiente\/wp-json\/wp\/v2\/media\/23787"}],"wp:attachment":[{"href":"https:\/\/www.ambienteyenergia.gob.ec\/ambiente\/wp-json\/wp\/v2\/media?parent=23786"}],"wp:term":[{"taxonomy":"category","embeddable":true,"href":"https:\/\/www.ambienteyenergia.gob.ec\/ambiente\/wp-json\/wp\/v2\/categories?post=23786"},{"taxonomy":"post_tag","embeddable":true,"href":"https:\/\/www.ambienteyenergia.gob.ec\/ambiente\/wp-json\/wp\/v2\/tags?post=23786"}],"curies":[{"name":"wp","href":"https:\/\/api.w.org\/{rel}","templated":true}]}}