{"id":23784,"date":"2014-12-14T14:59:40","date_gmt":"2014-12-14T19:59:40","guid":{"rendered":"http:\/\/www.ambiente.gob.ec\/?p=23784"},"modified":"2014-12-14T14:59:52","modified_gmt":"2014-12-14T19:59:52","slug":"paises-en-desarrollo-logran-defender-el-principio-de-responsabilidades-comunes-pero-diferenciadas-en-la-decision-final-de-la-c-op-20-de-lima","status":"publish","type":"post","link":"https:\/\/www.ambienteyenergia.gob.ec\/ambiente\/paises-en-desarrollo-logran-defender-el-principio-de-responsabilidades-comunes-pero-diferenciadas-en-la-decision-final-de-la-c-op-20-de-lima\/","title":{"rendered":"Pa\u00edses en desarrollo logran defender el principio de Responsabilidades comunes pero diferenciadas en la Decisi\u00f3n Final de la C OP 20 de Lima"},"content":{"rendered":"<p style=\"text-align: justify;\">Luego de 14 d\u00edas de reuniones, la COP20, finaliz\u00f3 durante la madrugada de hoy , con la aprobaci\u00f3n de la Decisi\u00f3n Final titulada \u00abLlamado de Lima para la Acci\u00f3n Clim\u00e1tica\u00bb, que trata sobre el fortalecimiento de las acciones en la lucha contra el cambio clim\u00e1tico, para la negociaci\u00f3n de un acuerdo que deber\u00e1 finalizar en diciembre de 2015 en Par\u00eds y entrar en vigencia en 2020.<\/p>\n<p style=\"text-align: justify;\">Una de las principales preocupaciones del Ecuador junto a la mayor\u00eda de los pa\u00edses en desarrollo, hab\u00eda sido que esta Decisi\u00f3n y todo el proceso de negociaci\u00f3n de un acuerdo clim\u00e1tico a ser acordado en la COP21, bajo la forma de un protocolo, otro instrumento jur\u00eddico o conclusi\u00f3n acordada con fuerza legal, tenga como base las normas y principios de la Convenci\u00f3n, en particular el de responsabilidades comunes pero diferenciadas.<\/p>\n<p style=\"text-align: justify;\">De acuerdo con este principio, los pa\u00edses desarrollados, principales causantes del cambio clim\u00e1tico, deben asumir su responsabilidad hist\u00f3rica con la deuda ecol\u00f3gica y clim\u00e1tica del planeta, tomar el liderazgo en la reducci\u00f3n de emisiones de gases a efecto invernadero que provocan el calentamiento global y apoyar los esfuerzos de los pa\u00edses en desarrollo en sus acciones de mitigaci\u00f3n y adaptaci\u00f3n al cambio clim\u00e1tico.<\/p>\n<p style=\"text-align: justify;\">La Decisi\u00f3n que se adopt\u00f3 en Lima reconoce tambi\u00e9n el rol de la adaptaci\u00f3n al cambio clim\u00e1tico y del tema de p\u00e9rdidas y da\u00f1os, en el nuevo acuerdo 2015, as\u00ed como la necesidad de considerar m\u00faltiples oportunidades con alto potencial de mitigaci\u00f3n, incluyendo co-beneficios de adaptaci\u00f3n, salud y desarrollo sostenible, a trav\u00e9s de insumos provenientes de las organizaciones de sociedad civil, pueblos ind\u00edgenas, academia, entre otros.<\/p>\n<p style=\"text-align: justify;\">No obstante, el alcance de la Decisi\u00f3n de Lima en temas de financiamiento, otro tema prioritario para el Ecuador, result\u00f3 bastante limitado, ya que adem\u00e1s de un llamado general a proveer y movilizar financiamiento desde pa\u00edses desarrollados a pa\u00edses en desarrollo, no se pudo establecer un v\u00ednculo claro con el resto de las acciones que todos los pa\u00edses implementar\u00e1n en el periodo post 2020 , ni una hoja de ruta con claridad en las fuentes de dicho financiamiento ni en su mecanismo de reporte y verificaci\u00f3n.<\/p>\n<p style=\"text-align: justify;\">Cabe recalcar que la naturaleza legal de las acciones que los pa\u00edses en desarrollo determinen en el nuevo acuerdo 2015, se mantiene como parte de un proceso soberano de toma de decisiones de acuerdo con sus circunstancias nacionales, tal como lo est\u00e1 haciendo el Ecuador en el marco de sus programas e iniciativas hacia un cambio de matriz energ\u00e9tica y productiva.<\/p>\n<p style=\"text-align: justify;\">\u201cComo Ecuador nos comprometemos a implementar no solo pol\u00edticas sino acciones concretas que reflejen nuestro trabajo diario para lograr un Ecuador Verde para las futuras generaciones\u201d mencion\u00f3 la Ministra de Ambiente del Ecuador, Lorena Tapia N\u00fa\u00f1ez.<\/p>\n","protected":false},"excerpt":{"rendered":"<p class=\"excerpt\">Luego de 14 d\u00edas de reuniones, la COP20, finaliz\u00f3 durante la madrugada de hoy , con la aprobaci\u00f3n de la Decisi\u00f3n Final titulada \u00abLlamado de Lima para la Acci\u00f3n Clim\u00e1tica\u00bb, que trata sobre el fortalecimiento de las acciones en la lucha contra el cambio clim\u00e1tico, para la negociaci\u00f3n de un acuerdo que deber\u00e1 finalizar en diciembre de 2015 en Par\u00eds&hellip; <a href=\"https:\/\/www.ambienteyenergia.gob.ec\/ambiente\/paises-en-desarrollo-logran-defender-el-principio-de-responsabilidades-comunes-pero-diferenciadas-en-la-decision-final-de-la-c-op-20-de-lima\/\">Read more &rarr;<\/a><\/p>\n","protected":false},"author":13,"featured_media":23510,"comment_status":"open","ping_status":"open","sticky":false,"template":"","format":"standard","meta":{"footnotes":""},"categories":[16,4],"tags":[573,387],"class_list":["post-23784","post","type-post","status-publish","format-standard","has-post-thumbnail","hentry","category-comunicamos","category-noticias","tag-cop20","tag-mae-lorena-tapia","xfolkentry"],"_links":{"self":[{"href":"https:\/\/www.ambienteyenergia.gob.ec\/ambiente\/wp-json\/wp\/v2\/posts\/23784","targetHints":{"allow":["GET"]}}],"collection":[{"href":"https:\/\/www.ambienteyenergia.gob.ec\/ambiente\/wp-json\/wp\/v2\/posts"}],"about":[{"href":"https:\/\/www.ambienteyenergia.gob.ec\/ambiente\/wp-json\/wp\/v2\/types\/post"}],"author":[{"embeddable":true,"href":"https:\/\/www.ambienteyenergia.gob.ec\/ambiente\/wp-json\/wp\/v2\/users\/13"}],"replies":[{"embeddable":true,"href":"https:\/\/www.ambienteyenergia.gob.ec\/ambiente\/wp-json\/wp\/v2\/comments?post=23784"}],"version-history":[{"count":0,"href":"https:\/\/www.ambienteyenergia.gob.ec\/ambiente\/wp-json\/wp\/v2\/posts\/23784\/revisions"}],"wp:featuredmedia":[{"embeddable":true,"href":"https:\/\/www.ambienteyenergia.gob.ec\/ambiente\/wp-json\/wp\/v2\/media\/23510"}],"wp:attachment":[{"href":"https:\/\/www.ambienteyenergia.gob.ec\/ambiente\/wp-json\/wp\/v2\/media?parent=23784"}],"wp:term":[{"taxonomy":"category","embeddable":true,"href":"https:\/\/www.ambienteyenergia.gob.ec\/ambiente\/wp-json\/wp\/v2\/categories?post=23784"},{"taxonomy":"post_tag","embeddable":true,"href":"https:\/\/www.ambienteyenergia.gob.ec\/ambiente\/wp-json\/wp\/v2\/tags?post=23784"}],"curies":[{"name":"wp","href":"https:\/\/api.w.org\/{rel}","templated":true}]}}