{"id":23777,"date":"2014-12-13T19:06:00","date_gmt":"2014-12-14T00:06:00","guid":{"rendered":"http:\/\/www.ambiente.gob.ec\/?p=23777"},"modified":"2014-12-13T20:56:24","modified_gmt":"2014-12-14T01:56:24","slug":"plantacion-de-pino-en-el-sector-tangabana-competencias","status":"publish","type":"post","link":"https:\/\/www.ambienteyenergia.gob.ec\/ambiente\/plantacion-de-pino-en-el-sector-tangabana-competencias\/","title":{"rendered":"Plantaci\u00f3n de pino en el sector Tangabana \u2013 Competencias"},"content":{"rendered":"<p style=\"text-align: justify;\">El Ministerio del Ambiente (MAE), ante la preocupaci\u00f3n del grupo Yasunidos Chimborazo, Acci\u00f3n Ecol\u00f3gica y Activista de Derechos Humanos y Naturaleza entre otros, por la plantaci\u00f3n de pino en el sector de Tangabana, perteneciente a la parroquia Ca\u00f1i, cant\u00f3n Colta, informa que:<\/p>\n<p style=\"text-align: justify;\">El MAE en el \u00e1mbito de sus competencias ha actuado dentro de este proceso con la emisi\u00f3n del certificado de intersecci\u00f3n, el mismo que evidencia que el proyecto de reforestaci\u00f3n con fines productivos no intersecta con el Sistema Nacional de \u00c1reas Protegidas, Bosques Protectores y Patrimonio Forestal del Estado.<\/p>\n<p style=\"text-align: justify;\">Adem\u00e1s se emiti\u00f3 el registro de propuestas de plantaciones comerciales establecido en el Acuerdo Interministerial (MAGAP \u2013 MAE) Nro. 258, en el que contempla \u201c<em>en las zonas cuyas superficies a reforestar sean menores a iguales a 1.000 ha y cuya \u00e1rea basal sea menor a o igual al 30% medida a la altura de 1.30metros del suelo de una formaci\u00f3n boscosa nativa primaria correspondiente, requerir\u00e1 del\u00a0 \u201cRegistro de Propuesta de Plantaciones comerciales con especies nativas y ex\u00f3ticas\u201d\u201d.<\/em><\/p>\n<p style=\"text-align: justify;\">Cabe indicar que este registro no constituye autorizaci\u00f3n alguna para la ejecuci\u00f3n del proyecto, considerando que el Ministerio de Agricultura Ganader\u00eda Acuacultura y Pesca a trav\u00e9s de la Subsecretar\u00eda de Fomento Forestal\u00a0 tiene la competencia de ejecutar el Plan Nacional de Reforestaci\u00f3n con fines productivos con especies maderables como por ejemplo Pino, Eucalipto, Teca, Balsa entre otras; dicha\u00a0 Cartera de Estado\u00a0 aprueba los proyectos con fines productivos\u00a0 para su posterior\u00a0 financiamiento ante la Corporaci\u00f3n Financiera Nacional (CFN).<\/p>\n<p style=\"text-align: justify;\">Es importante recalcar que el Ministerio del Ambiente ejerce las competencias de protecci\u00f3n y conservaci\u00f3n a trav\u00e9s de la ejecuci\u00f3n del Plan Nacional de Restauraci\u00f3n Forestal, para la recuperaci\u00f3n de \u00e1reas degradadas, mediante la incorporaci\u00f3n de especies nativas como: Aliso, Arrayan, Quishuar, Nogal, Cedro, entre otras, es as\u00ed que en coordinaci\u00f3n con los Gobiernos Aut\u00f3nomos Descentralizados Provincial y Parroquiales y a trav\u00e9s del modelo de incentivos impulsado por el Gobierno Nacional se ha restaurado hasta la presente fecha 11.000 hect\u00e1reas de especies nativas en la provincia de Chimborazo.<\/p>\n","protected":false},"excerpt":{"rendered":"<p class=\"excerpt\">El Ministerio del Ambiente (MAE), ante la preocupaci\u00f3n del grupo Yasunidos Chimborazo, Acci\u00f3n Ecol\u00f3gica y Activista de Derechos Humanos y Naturaleza entre otros, por la plantaci\u00f3n de pino en el sector de Tangabana, perteneciente a la parroquia Ca\u00f1i, cant\u00f3n Colta, informa que: El MAE en el \u00e1mbito de sus competencias ha actuado dentro de este proceso con la emisi\u00f3n del&hellip; <a href=\"https:\/\/www.ambienteyenergia.gob.ec\/ambiente\/plantacion-de-pino-en-el-sector-tangabana-competencias\/\">Read more &rarr;<\/a><\/p>\n","protected":false},"author":13,"featured_media":23214,"comment_status":"open","ping_status":"open","sticky":false,"template":"","format":"standard","meta":{"footnotes":""},"categories":[16,4],"tags":[],"class_list":["post-23777","post","type-post","status-publish","format-standard","has-post-thumbnail","hentry","category-comunicamos","category-noticias","xfolkentry"],"_links":{"self":[{"href":"https:\/\/www.ambienteyenergia.gob.ec\/ambiente\/wp-json\/wp\/v2\/posts\/23777","targetHints":{"allow":["GET"]}}],"collection":[{"href":"https:\/\/www.ambienteyenergia.gob.ec\/ambiente\/wp-json\/wp\/v2\/posts"}],"about":[{"href":"https:\/\/www.ambienteyenergia.gob.ec\/ambiente\/wp-json\/wp\/v2\/types\/post"}],"author":[{"embeddable":true,"href":"https:\/\/www.ambienteyenergia.gob.ec\/ambiente\/wp-json\/wp\/v2\/users\/13"}],"replies":[{"embeddable":true,"href":"https:\/\/www.ambienteyenergia.gob.ec\/ambiente\/wp-json\/wp\/v2\/comments?post=23777"}],"version-history":[{"count":0,"href":"https:\/\/www.ambienteyenergia.gob.ec\/ambiente\/wp-json\/wp\/v2\/posts\/23777\/revisions"}],"wp:featuredmedia":[{"embeddable":true,"href":"https:\/\/www.ambienteyenergia.gob.ec\/ambiente\/wp-json\/wp\/v2\/media\/23214"}],"wp:attachment":[{"href":"https:\/\/www.ambienteyenergia.gob.ec\/ambiente\/wp-json\/wp\/v2\/media?parent=23777"}],"wp:term":[{"taxonomy":"category","embeddable":true,"href":"https:\/\/www.ambienteyenergia.gob.ec\/ambiente\/wp-json\/wp\/v2\/categories?post=23777"},{"taxonomy":"post_tag","embeddable":true,"href":"https:\/\/www.ambienteyenergia.gob.ec\/ambiente\/wp-json\/wp\/v2\/tags?post=23777"}],"curies":[{"name":"wp","href":"https:\/\/api.w.org\/{rel}","templated":true}]}}