{"id":23775,"date":"2014-12-12T17:01:08","date_gmt":"2014-12-12T22:01:08","guid":{"rendered":"http:\/\/www.ambiente.gob.ec\/?p=23775"},"modified":"2014-12-12T17:01:08","modified_gmt":"2014-12-12T22:01:08","slug":"mae-y-scouts-del-ecuador-reciben-reconocimiento-por-la-campana-sembrando-futuro","status":"publish","type":"post","link":"https:\/\/www.ambienteyenergia.gob.ec\/ambiente\/mae-y-scouts-del-ecuador-reciben-reconocimiento-por-la-campana-sembrando-futuro\/","title":{"rendered":"MAE y Scouts del Ecuador reciben reconocimiento por la campa\u00f1a &#8216;Sembrando Futuro&#8217;"},"content":{"rendered":"<p style=\"text-align: justify;\">El Ministerio de Ambiente y la Fundaci\u00f3n de Scouts del Ecuador, recibieron el premio por parte del proyecto medio ambiental internacional \u201c\u00c1rboles Para El Mundo\u201d impulsado por el programa Scout \u00abMensajeros de la Paz\u00bb, por ser el pa\u00eds que m\u00e1s \u00e1rboles sembr\u00f3 en el marco de la celebraci\u00f3n del D\u00eda de la Tierra.<\/p>\n<p style=\"text-align: justify;\">El pasado s\u00e1bado 26 de abril, m\u00e1s de 4000 ni\u00f1os y j\u00f3venes scouts de todo el pa\u00eds, con el apoyo de voluntarios del sector p\u00fablico, privado y ONGS, llevaron adelante una ambiciosa jornada de reforestaci\u00f3n que en un inicio plante\u00f3 sembrar simult\u00e1neamente 22000 \u00e1rboles en 6 provincias del Ecuador en un solo d\u00eda; sin embargo se logr\u00f3 sembrar 23500 \u00e1rboles en Pichincha, Guayas, Azuay, Morona Santiago, Chimborazo y Manab\u00ed, superando las expectativas.<\/p>\n<p style=\"text-align: justify;\">De esta forma el MAE promueve la reforestaci\u00f3n como uno de los ejes prioritarios para la conservaci\u00f3n de los recursos naturales del pa\u00eds; ya que acciones como esta contribuyen a la construcci\u00f3n de un Ecuador Verde.<\/p>\n<p style=\"text-align: justify;\">Por otro lado, la campa\u00f1a \u201cSembrando Futuro\u201d fue acreedor tambi\u00e9n al Reconocimiento General Rumi\u00f1ahui a las Buenas Pr\u00e1cticas de Responsabilidad Social, categor\u00eda Fundaciones Medio Ambiente; que tiene como objetivo celebrar y premiar a las mejores pr\u00e1cticas responsables que se desarrollan en la provincia de Pichincha.<\/p>\n<p style=\"text-align: justify;\">La premiaci\u00f3n que est\u00e1 a cargo del Gobierno Aut\u00f3nomo Descentralizado de la Provincia de Pichincha, resalt\u00f3 a esta campa\u00f1a como uno de las mejores acciones ambientalistas realizadas en el pa\u00eds.<\/p>\n<p style=\"text-align: justify;\">Para el pr\u00f3ximo abril del 2015, el Ministerio del Ambiente y la Fundaci\u00f3n de Scouts del Ecuador se han trazado el reto de sembrar 25000 \u00e1rboles en 11 provincias: Pichincha, Guayas, Cuenca, Manab\u00ed, Esmeraldas, Chimborazo, Orellana, Pastaza, Morona Santiago, Sucumb\u00edos y de ser posible en la isla Isabela (Gal\u00e1pagos); con el fin de continuar con el trabajo de restauraci\u00f3n forestal que se realiza en el pa\u00eds y que hoy en d\u00eda es un ejemplo a nivel mundial.<\/p>\n","protected":false},"excerpt":{"rendered":"<p class=\"excerpt\">El Ministerio de Ambiente y la Fundaci\u00f3n de Scouts del Ecuador, recibieron el premio por parte del proyecto medio ambiental internacional \u201c\u00c1rboles Para El Mundo\u201d impulsado por el programa Scout \u00abMensajeros de la Paz\u00bb, por ser el pa\u00eds que m\u00e1s \u00e1rboles sembr\u00f3 en el marco de la celebraci\u00f3n del D\u00eda de la Tierra. El pasado s\u00e1bado 26 de abril, m\u00e1s&hellip; <a href=\"https:\/\/www.ambienteyenergia.gob.ec\/ambiente\/mae-y-scouts-del-ecuador-reciben-reconocimiento-por-la-campana-sembrando-futuro\/\">Read more &rarr;<\/a><\/p>\n","protected":false},"author":13,"featured_media":19619,"comment_status":"open","ping_status":"open","sticky":false,"template":"","format":"standard","meta":{"footnotes":""},"categories":[16,4],"tags":[108,53,85,459,594],"class_list":["post-23775","post","type-post","status-publish","format-standard","has-post-thumbnail","hentry","category-comunicamos","category-noticias","tag-lorena-tapia","tag-mae","tag-reforestacion","tag-restauracion-forestal","tag-scouts-ecuador","xfolkentry"],"_links":{"self":[{"href":"https:\/\/www.ambienteyenergia.gob.ec\/ambiente\/wp-json\/wp\/v2\/posts\/23775","targetHints":{"allow":["GET"]}}],"collection":[{"href":"https:\/\/www.ambienteyenergia.gob.ec\/ambiente\/wp-json\/wp\/v2\/posts"}],"about":[{"href":"https:\/\/www.ambienteyenergia.gob.ec\/ambiente\/wp-json\/wp\/v2\/types\/post"}],"author":[{"embeddable":true,"href":"https:\/\/www.ambienteyenergia.gob.ec\/ambiente\/wp-json\/wp\/v2\/users\/13"}],"replies":[{"embeddable":true,"href":"https:\/\/www.ambienteyenergia.gob.ec\/ambiente\/wp-json\/wp\/v2\/comments?post=23775"}],"version-history":[{"count":0,"href":"https:\/\/www.ambienteyenergia.gob.ec\/ambiente\/wp-json\/wp\/v2\/posts\/23775\/revisions"}],"wp:featuredmedia":[{"embeddable":true,"href":"https:\/\/www.ambienteyenergia.gob.ec\/ambiente\/wp-json\/wp\/v2\/media\/19619"}],"wp:attachment":[{"href":"https:\/\/www.ambienteyenergia.gob.ec\/ambiente\/wp-json\/wp\/v2\/media?parent=23775"}],"wp:term":[{"taxonomy":"category","embeddable":true,"href":"https:\/\/www.ambienteyenergia.gob.ec\/ambiente\/wp-json\/wp\/v2\/categories?post=23775"},{"taxonomy":"post_tag","embeddable":true,"href":"https:\/\/www.ambienteyenergia.gob.ec\/ambiente\/wp-json\/wp\/v2\/tags?post=23775"}],"curies":[{"name":"wp","href":"https:\/\/api.w.org\/{rel}","templated":true}]}}