{"id":23771,"date":"2014-12-12T14:54:44","date_gmt":"2014-12-12T19:54:44","guid":{"rendered":"http:\/\/www.ambiente.gob.ec\/?p=23771"},"modified":"2014-12-12T14:54:44","modified_gmt":"2014-12-12T19:54:44","slug":"ministerio-del-ambiente-felicita-a-la-red-nacional-de-recicladores-del-ecuador-renarec-en-su-sexto-aniversario-de-vida-institucional","status":"publish","type":"post","link":"https:\/\/www.ambienteyenergia.gob.ec\/ambiente\/ministerio-del-ambiente-felicita-a-la-red-nacional-de-recicladores-del-ecuador-renarec-en-su-sexto-aniversario-de-vida-institucional\/","title":{"rendered":"Ministerio del Ambiente felicita a la Red Nacional de Recicladores del Ecuador (Renarec) en su sexto aniversario de vida institucional"},"content":{"rendered":"<p style=\"text-align: justify;\">El Ministerio del Ambiente, a trav\u00e9s de su Programa Nacional para la Gesti\u00f3n Integral de Desechos S\u00f3lidos (PNGIDS), felicita a la Red Nacional de Recicladores del Ecuador (Renarec) al celebrar sus seis a\u00f1os de vida institucional. La Renarec se fund\u00f3 el 12 de diciembre de 2008 como movimiento representativo de la voz de los recicladores organizados en el pa\u00eds y desde entonces ha conseguido grandes logros. El principal: acercar a diversos actores a la causa social y humana que persiguen los protagonistas de la recuperaci\u00f3n y reutilizaci\u00f3n de todo lo que es considerado en primera instancia basura, a lo que ellos ven y denominan como \u201cuna oportunidad de sustento desde el rescate de lo que puede volver a servir desde los residuos s\u00f3lidos\u201d.<\/p>\n<p style=\"text-align: justify;\">Es importante mencionar que ha sido un largo camino y a\u00fan son varias las necesidades de los 20.000 recicladores de la Costa, Sierra y Amazon\u00eda que integran la Red. Sin embargo, ya existen logros como el del pasado 12 de febrero cuando se concret\u00f3 la firma de un convenio entre esta Cartera de Estado, el Ministerio de Inclusi\u00f3n Econ\u00f3mica y Social, el Instituto Nacional de Econom\u00eda Popular y Solidaria y la Renarec con el objetivo de promover pol\u00edticas p\u00fablicas que permitan un ejercicio asociativo e inclusivo en la labor del reciclaje para lograr una comercializaci\u00f3n justa en favor de una econom\u00eda que les permita vivir mejor.<\/p>\n<p style=\"text-align: justify;\"><strong>Objetivos de la RENAREC:<\/strong><\/p>\n<ul style=\"text-align: justify;\">\n<li>Ser respetados como cualquier trabajador que realiza un trabajo digno y, en este caso, en colaboraci\u00f3n con el medio ambiente.<\/li>\n<li>Integrar la gesti\u00f3n de residuos s\u00f3lidos en las ciudades.<\/li>\n<li>Concretar negocios inclusivos de reciclaje.<\/li>\n<li>Ser emprendedores del reciclaje y tener una mejor calidad de vida.<\/li>\n<li>Lograr una Ley que los ampare y Ordenanzas que permitan asegurar su trabajo.<\/li>\n<\/ul>\n<p style=\"text-align: justify;\">\u00a0<strong>Cifras:<\/strong><\/p>\n<ul>\n<li style=\"text-align: justify;\">20 mil familias de recicladores a nivel nacional (ya que es un trabajo familiar).<\/li>\n<li style=\"text-align: justify;\">M\u00e1s de 30 asociaciones integran la RENAREC.<\/li>\n<li style=\"text-align: justify;\">17% de los desechos que se generan en Ecuador son recuperados.<\/li>\n<li style=\"text-align: justify;\">4,1 toneladas de desechos se generan anualmente en Ecuador.<\/li>\n<li style=\"text-align: justify;\">Los recicladores ofertan 106.128 toneladas anuales de materiales reciclados.<\/li>\n<\/ul>\n","protected":false},"excerpt":{"rendered":"<p class=\"excerpt\">El Ministerio del Ambiente, a trav\u00e9s de su Programa Nacional para la Gesti\u00f3n Integral de Desechos S\u00f3lidos (PNGIDS), felicita a la Red Nacional de Recicladores del Ecuador (Renarec) al celebrar sus seis a\u00f1os de vida institucional. La Renarec se fund\u00f3 el 12 de diciembre de 2008 como movimiento representativo de la voz de los recicladores organizados en el pa\u00eds y&hellip; <a href=\"https:\/\/www.ambienteyenergia.gob.ec\/ambiente\/ministerio-del-ambiente-felicita-a-la-red-nacional-de-recicladores-del-ecuador-renarec-en-su-sexto-aniversario-de-vida-institucional\/\">Read more &rarr;<\/a><\/p>\n","protected":false},"author":13,"featured_media":23772,"comment_status":"open","ping_status":"open","sticky":false,"template":"","format":"standard","meta":{"footnotes":""},"categories":[16,4],"tags":[108,53,592,593],"class_list":["post-23771","post","type-post","status-publish","format-standard","has-post-thumbnail","hentry","category-comunicamos","category-noticias","tag-lorena-tapia","tag-mae","tag-recicladores","tag-renarec","xfolkentry"],"_links":{"self":[{"href":"https:\/\/www.ambienteyenergia.gob.ec\/ambiente\/wp-json\/wp\/v2\/posts\/23771","targetHints":{"allow":["GET"]}}],"collection":[{"href":"https:\/\/www.ambienteyenergia.gob.ec\/ambiente\/wp-json\/wp\/v2\/posts"}],"about":[{"href":"https:\/\/www.ambienteyenergia.gob.ec\/ambiente\/wp-json\/wp\/v2\/types\/post"}],"author":[{"embeddable":true,"href":"https:\/\/www.ambienteyenergia.gob.ec\/ambiente\/wp-json\/wp\/v2\/users\/13"}],"replies":[{"embeddable":true,"href":"https:\/\/www.ambienteyenergia.gob.ec\/ambiente\/wp-json\/wp\/v2\/comments?post=23771"}],"version-history":[{"count":0,"href":"https:\/\/www.ambienteyenergia.gob.ec\/ambiente\/wp-json\/wp\/v2\/posts\/23771\/revisions"}],"wp:featuredmedia":[{"embeddable":true,"href":"https:\/\/www.ambienteyenergia.gob.ec\/ambiente\/wp-json\/wp\/v2\/media\/23772"}],"wp:attachment":[{"href":"https:\/\/www.ambienteyenergia.gob.ec\/ambiente\/wp-json\/wp\/v2\/media?parent=23771"}],"wp:term":[{"taxonomy":"category","embeddable":true,"href":"https:\/\/www.ambienteyenergia.gob.ec\/ambiente\/wp-json\/wp\/v2\/categories?post=23771"},{"taxonomy":"post_tag","embeddable":true,"href":"https:\/\/www.ambienteyenergia.gob.ec\/ambiente\/wp-json\/wp\/v2\/tags?post=23771"}],"curies":[{"name":"wp","href":"https:\/\/api.w.org\/{rel}","templated":true}]}}