{"id":23765,"date":"2014-12-11T19:24:07","date_gmt":"2014-12-12T00:24:07","guid":{"rendered":"http:\/\/www.ambiente.gob.ec\/?p=23765"},"modified":"2014-12-12T11:37:49","modified_gmt":"2014-12-12T16:37:49","slug":"programa-socio-bosque-protege-a-mas-de-un-millon-de-hectareas-de-arboles-en-ecuador","status":"publish","type":"post","link":"https:\/\/www.ambienteyenergia.gob.ec\/ambiente\/programa-socio-bosque-protege-a-mas-de-un-millon-de-hectareas-de-arboles-en-ecuador\/","title":{"rendered":"Programa \u201cSocio Bosque\u201d protege a m\u00e1s de un mill\u00f3n de hectareas de \u00e1rboles en Ecuador"},"content":{"rendered":"<p style=\"text-align: justify;\"><strong>Lima, 11 de diciembre de 2014<\/strong>.- En Voces por el Clima, Punto de Encuentro por el Cambio Clim\u00e1tico en el marco de la COP20, el Ministerio del Ambiente del Ecuador present\u00f3 el d\u00eda de hoy Socio Bosque, el programa que desde hace seis a\u00f1os busca la conservaci\u00f3n y procesos de recuperaci\u00f3n de los bosques y p\u00e1ramos nativos de todo el pa\u00eds, mediante la entrega de un incentivo econ\u00f3mico dirigido a los propietarios individuales y comunidades campesinas e ind\u00edgenas que mantienen intactos estos ecosistemas vivos.<\/p>\n<p style=\"text-align: justify;\">Actualmente gracias a Socio Bosque se conservan un mill\u00f3n quinientas mil hect\u00e1reas de bosques en el Ecuador, con los m\u00e1s de 160 mil ecuatorianos que forman parte de esta iniciativa.<\/p>\n<p style=\"text-align: justify;\"><em>\u201cEl \u00e9xito de este programa ha permitido que como ecuatorianos seamos un referente mundial. Estos incentivos en suma a las pol\u00edticas nacionales y sociales generan beneficios m\u00faltiples asociados al mejoramiento de condiciones de vida de la poblaci\u00f3n. Hoy gracias a estos grandes esfuerzos basados en voluntad pol\u00edtica, el Ecuador est\u00e1 poniendo freno a la deforestaci\u00f3n, estamos garantizando que se conserven las fuentes del agua y brindando las condiciones para que la biodiversidad exista\u201d<\/em>, revel\u00f3 Lorena Tapia, Ministra del Ambiente del Ecuador, quien inaugur\u00f3 esta presentaci\u00f3n, donde tambi\u00e9n participaron el Subsecretario de Cambio Clim\u00e1tico, Andr\u00e9s Hubenthal, as\u00ed como el representante del Programa Socio Bosque, Germ\u00e1n Mosquera.<\/p>\n<p style=\"text-align: justify;\">En vista que alrededor del 40% de los incentivos de Socio Bosque estaban destinados a actividades productivas, se determin\u00f3 hacer un seguimiento de esta inversi\u00f3n. Antes, la actividad finalizaba con la entrega del incentivo econ\u00f3mico, ahora el Ministerio del Ambiente del Ecuador decidi\u00f3 ir m\u00e1s all\u00e1, generando un mecanismo de\u00a0 ayuda y soporte t\u00e9cnico para las familias due\u00f1as de los bosques, que as\u00ed mejoran tambi\u00e9n su calidad de vida.<\/p>\n<p style=\"text-align: justify;\">Debido a los excelentes resultados obtenidos en Ecuador, Socio Bosque ha sido tomado como un ejemplo a replicar en otros pa\u00edses, e incluso ha sido catalogado, por el Programa de las Naciones Unidas para el Desarrollo (PNUD), como un caso de \u00e9xito en estudios sobre pol\u00edticas y respuestas de cambio clim\u00e1tico y degradaci\u00f3n de los suelos en Am\u00e9rica Latina.<\/p>\n<p style=\"text-align: justify;\">\u201cVoces por el Clima\u201d es un espacio en el que Per\u00fa, como pa\u00eds anfitri\u00f3n de la COP20, da la bienvenida a visitantes nacionales e internacionales, con uma serie de \u00e1reas de exposici\u00f3n e intercambio para comunicar y sensibilizar al p\u00fablico sobre la importancia del cambio clim\u00e1tico. Es un espacio que refleja la diversidad de propuestas e iniciativas en relaci\u00f3n al cambio clim\u00e1tico, y hace \u00e9nfasis en los cinco temas emblem\u00e1ticos priorizados en la agenda interna del Per\u00fa: Bosques, Monta\u00f1as y Agua, Oc\u00e9anos, Energ\u00eda y Ciudades Sostenibles.<\/p>\n","protected":false},"excerpt":{"rendered":"<p class=\"excerpt\">Lima, 11 de diciembre de 2014.- En Voces por el Clima, Punto de Encuentro por el Cambio Clim\u00e1tico en el marco de la COP20, el Ministerio del Ambiente del Ecuador present\u00f3 el d\u00eda de hoy Socio Bosque, el programa que desde hace seis a\u00f1os busca la conservaci\u00f3n y procesos de recuperaci\u00f3n de los bosques y p\u00e1ramos nativos de todo el&hellip; <a href=\"https:\/\/www.ambienteyenergia.gob.ec\/ambiente\/programa-socio-bosque-protege-a-mas-de-un-millon-de-hectareas-de-arboles-en-ecuador\/\">Read more &rarr;<\/a><\/p>\n","protected":false},"author":13,"featured_media":23770,"comment_status":"open","ping_status":"open","sticky":false,"template":"","format":"standard","meta":{"footnotes":""},"categories":[16,4],"tags":[573,387],"class_list":["post-23765","post","type-post","status-publish","format-standard","has-post-thumbnail","hentry","category-comunicamos","category-noticias","tag-cop20","tag-mae-lorena-tapia","xfolkentry"],"_links":{"self":[{"href":"https:\/\/www.ambienteyenergia.gob.ec\/ambiente\/wp-json\/wp\/v2\/posts\/23765","targetHints":{"allow":["GET"]}}],"collection":[{"href":"https:\/\/www.ambienteyenergia.gob.ec\/ambiente\/wp-json\/wp\/v2\/posts"}],"about":[{"href":"https:\/\/www.ambienteyenergia.gob.ec\/ambiente\/wp-json\/wp\/v2\/types\/post"}],"author":[{"embeddable":true,"href":"https:\/\/www.ambienteyenergia.gob.ec\/ambiente\/wp-json\/wp\/v2\/users\/13"}],"replies":[{"embeddable":true,"href":"https:\/\/www.ambienteyenergia.gob.ec\/ambiente\/wp-json\/wp\/v2\/comments?post=23765"}],"version-history":[{"count":0,"href":"https:\/\/www.ambienteyenergia.gob.ec\/ambiente\/wp-json\/wp\/v2\/posts\/23765\/revisions"}],"wp:featuredmedia":[{"embeddable":true,"href":"https:\/\/www.ambienteyenergia.gob.ec\/ambiente\/wp-json\/wp\/v2\/media\/23770"}],"wp:attachment":[{"href":"https:\/\/www.ambienteyenergia.gob.ec\/ambiente\/wp-json\/wp\/v2\/media?parent=23765"}],"wp:term":[{"taxonomy":"category","embeddable":true,"href":"https:\/\/www.ambienteyenergia.gob.ec\/ambiente\/wp-json\/wp\/v2\/categories?post=23765"},{"taxonomy":"post_tag","embeddable":true,"href":"https:\/\/www.ambienteyenergia.gob.ec\/ambiente\/wp-json\/wp\/v2\/tags?post=23765"}],"curies":[{"name":"wp","href":"https:\/\/api.w.org\/{rel}","templated":true}]}}