{"id":23755,"date":"2014-12-10T21:34:33","date_gmt":"2014-12-11T02:34:33","guid":{"rendered":"http:\/\/www.ambiente.gob.ec\/?p=23755"},"modified":"2014-12-10T21:34:33","modified_gmt":"2014-12-11T02:34:33","slug":"si-paises-desarrollados-no-muestran-compromiso-no-tendremos-acciones-concretas-en-la-cop20-lorena-tapia","status":"publish","type":"post","link":"https:\/\/www.ambienteyenergia.gob.ec\/ambiente\/si-paises-desarrollados-no-muestran-compromiso-no-tendremos-acciones-concretas-en-la-cop20-lorena-tapia\/","title":{"rendered":"\u201cSi pa\u00edses desarrollados no muestran compromiso no tendremos acciones concretas en la COP20\u201d: Lorena Tapia"},"content":{"rendered":"<p style=\"text-align: justify;\">La Ministra del Ambiente Lorena Tapia junto al Canciller Ricardo Pati\u00f1o y el Secretario del Buen Vivir, Freddy Elhers, manifestaron en rueda de prensa, su preocupaci\u00f3n por la falta de compromisos que se evidencian durante la recta final de la Vig\u00e9sima Conferencia de la Conferencia de las Partes de la Convenci\u00f3n Marco de Naciones Unidas sobre el Cambio Clim\u00e1tico.<\/p>\n<p style=\"text-align: justify;\">La conferencia de prensa que se llev\u00f3 a cabo en el Cuartel General del Ej\u00e9rcito en Lima, inici\u00f3 con la intervenci\u00f3n del Canciller Pati\u00f1o quien present\u00f3 a la jefa de delegaci\u00f3n frente a medios de comunicaci\u00f3n internacionales. La Ministra se\u00f1al\u00f3 que se siguen evadiendo las obligaciones por parte de los pa\u00edses desarrollados, bajo el principio de responsabilidades comunes pero diferenciadas, contemplado bajo la Convenci\u00f3n Marco de Naciones Unidas sobre el Cambio Clim\u00e1tico.<\/p>\n<p style=\"text-align: justify;\">En referencia al desarrollo de las negociaciones, el Canciller se\u00f1al\u00f3 que como pa\u00eds miembro de la Alianza Bolivariana para los Pueblos de Nuestra Am\u00e9rica (ALBA) expresa su rechazo a la posici\u00f3n inaceptable, reportada y que no debe ser aceptada por quienes se reunieron en este espacio. Inform\u00f3 que no existe un avance contundente en relaci\u00f3n al texto del nuevo acuerdo.\u201cSi seguimos con la misma actitud de indiferencia y falta de compromiso frente a un tema de enorme importancia mundial sin duda seguiremos sin lograr resultados\u201d se\u00f1al\u00f3 la Ministra Lorena Tapia. Sin embargo, se\u00f1al\u00f3 mantener la esperanza en que durante los pr\u00f3ximos d\u00edas se logren resultados al menos m\u00ednimos sobre lo que se ha venido a exigir en la COP20. \u201cSi pa\u00edses desarrollados no muestran compromiso no tendremos acciones concretas en la COP20\u201c, enfatiz\u00f3 la Secretaria de Estado del Ecuador.<\/p>\n<p style=\"text-align: justify;\">En este contexto, la Ministra Tapia record\u00f3 el compromiso que ha asumido el Ecuador de manera voluntaria, lo cual se ve reflejado en acciones concretas. \u201cEl Ecuador siendo responsable de apenas 0,01% del calentamiento global del mundo, est\u00e1 dando ejemplo al liderar iniciativas concretas para la mitigaci\u00f3n del cambio clim\u00e1tico. Nuestro compromiso se evidencia, por ejemplo, al proyectarnos como el \u00fanico pa\u00eds que alcanzar\u00e1 un 96% de energ\u00eda renovable en su matriz energ\u00e9tica hasta el 2017.\u201d Asimismo recalc\u00f3 los esfuerzos del Ecuador con su ambiciosa estrategia de conservaci\u00f3n forestal hasta el a\u00f1o 2017, con lo que se pretende\u00a0 contar con 500 mil hect\u00e1reas reforestadas, con recursos propios.<\/p>\n<p style=\"text-align: justify;\">El Canciller Ricardo Pati\u00f1o, reafirm\u00f3 la posici\u00f3n recalcando que los avances se evidencian en los pa\u00edses en desarrollo a pesar de ser quienes menos contaminan. El Secretario del Buen Vivir, Freddy Elhers record\u00f3 que no es un tema pol\u00edtico sino una emergencia ambiental la que se vive a nivel global. \u201dLo que queremos es invitar a los pa\u00edses desarrollados, a comprometerse como un tema que nos afecta a todos\u201d.<\/p>\n","protected":false},"excerpt":{"rendered":"<p class=\"excerpt\">La Ministra del Ambiente Lorena Tapia junto al Canciller Ricardo Pati\u00f1o y el Secretario del Buen Vivir, Freddy Elhers, manifestaron en rueda de prensa, su preocupaci\u00f3n por la falta de compromisos que se evidencian durante la recta final de la Vig\u00e9sima Conferencia de la Conferencia de las Partes de la Convenci\u00f3n Marco de Naciones Unidas sobre el Cambio Clim\u00e1tico. La&hellip; <a href=\"https:\/\/www.ambienteyenergia.gob.ec\/ambiente\/si-paises-desarrollados-no-muestran-compromiso-no-tendremos-acciones-concretas-en-la-cop20-lorena-tapia\/\">Read more &rarr;<\/a><\/p>\n","protected":false},"author":13,"featured_media":23757,"comment_status":"open","ping_status":"open","sticky":false,"template":"","format":"standard","meta":{"footnotes":""},"categories":[16,4],"tags":[387],"class_list":["post-23755","post","type-post","status-publish","format-standard","has-post-thumbnail","hentry","category-comunicamos","category-noticias","tag-mae-lorena-tapia","xfolkentry"],"_links":{"self":[{"href":"https:\/\/www.ambienteyenergia.gob.ec\/ambiente\/wp-json\/wp\/v2\/posts\/23755","targetHints":{"allow":["GET"]}}],"collection":[{"href":"https:\/\/www.ambienteyenergia.gob.ec\/ambiente\/wp-json\/wp\/v2\/posts"}],"about":[{"href":"https:\/\/www.ambienteyenergia.gob.ec\/ambiente\/wp-json\/wp\/v2\/types\/post"}],"author":[{"embeddable":true,"href":"https:\/\/www.ambienteyenergia.gob.ec\/ambiente\/wp-json\/wp\/v2\/users\/13"}],"replies":[{"embeddable":true,"href":"https:\/\/www.ambienteyenergia.gob.ec\/ambiente\/wp-json\/wp\/v2\/comments?post=23755"}],"version-history":[{"count":0,"href":"https:\/\/www.ambienteyenergia.gob.ec\/ambiente\/wp-json\/wp\/v2\/posts\/23755\/revisions"}],"wp:featuredmedia":[{"embeddable":true,"href":"https:\/\/www.ambienteyenergia.gob.ec\/ambiente\/wp-json\/wp\/v2\/media\/23757"}],"wp:attachment":[{"href":"https:\/\/www.ambienteyenergia.gob.ec\/ambiente\/wp-json\/wp\/v2\/media?parent=23755"}],"wp:term":[{"taxonomy":"category","embeddable":true,"href":"https:\/\/www.ambienteyenergia.gob.ec\/ambiente\/wp-json\/wp\/v2\/categories?post=23755"},{"taxonomy":"post_tag","embeddable":true,"href":"https:\/\/www.ambienteyenergia.gob.ec\/ambiente\/wp-json\/wp\/v2\/tags?post=23755"}],"curies":[{"name":"wp","href":"https:\/\/api.w.org\/{rel}","templated":true}]}}