{"id":23748,"date":"2014-12-10T20:20:25","date_gmt":"2014-12-11T01:20:25","guid":{"rendered":"http:\/\/www.ambiente.gob.ec\/?p=23748"},"modified":"2014-12-10T20:20:25","modified_gmt":"2014-12-11T01:20:25","slug":"ecuador-expone-experiencia-exitosa-del-ecuador-en-mitigacion-en-la-cop20","status":"publish","type":"post","link":"https:\/\/www.ambienteyenergia.gob.ec\/ambiente\/ecuador-expone-experiencia-exitosa-del-ecuador-en-mitigacion-en-la-cop20\/","title":{"rendered":"Ecuador expone experiencia exitosa del Ecuador en mitigaci\u00f3n en la COP20"},"content":{"rendered":"<p style=\"text-align: justify;\">Durante la Vig\u00e9sima Conferencia de las Partes de la Convenci\u00f3n Marco de Naciones Unidas sobre el Cambio Clim\u00e1tico (COP20),\u00a0 se celebr\u00f3 el D\u00eda NAMA, con el fin de mostrar c\u00f3mo las Acciones de Mitigaci\u00f3n Apropiadas a cada Pa\u00eds (NAMAs) contribuyen al fomento de un modelo de desarrollo bajo en emisiones en pa\u00edses en desarrollo. En el marco de este evento se realiz\u00f3 una exposici\u00f3n sobre la experiencia de varios pa\u00edses a nivel mundial sobre \u00a0el \u00a0desarrollo \u00a0e implementaci\u00f3n de medidas de mitigaci\u00f3n, entre ellos el Ecuador.<\/p>\n<p style=\"text-align: justify;\">El evento inaugur\u00f3 con palabras de bienvenida del Ministro de Ambiente del Per\u00fa y Presidente de la COP20, Manuel Pulgar Vidal, quien recalc\u00f3 que las NAMAs deben estar orientadas al cuidado del medio ambiente en el marco de un plan de cambio clim\u00e1tico.\u00a0\u00a0\u201cEsta es una COP que ante todo busca poner en la mesa de negociaci\u00f3n, las preocupaciones de todos y hacer escuchar las voces de todos\u201d, mencion\u00f3 Pulgar-Vidal.\u00a0 Posteriormente la Secretaria Ejecutiva de la UNFCCC Christiana Figueiras reiter\u00f3 la urgencia de emprender acciones concretas ante el cambio clim\u00e1tico exponiendo como ejemplo concreto,\u00a0 el nuevo evento clim\u00e1tico que azot\u00f3 a Filipinas en la \u00faltima semana.<\/p>\n<p style=\"text-align: justify;\">En el marco de esta sesi\u00f3n, y por destacarse en el tema, el Ecuador fue seleccionado para presentar sus experiencias en el desarrollo de acciones de mitigaci\u00f3n. Intervino el Subsecretario de Cambio Clim\u00e1tico del Ministerio del Ambiente, Andr\u00e9s Hubenthal, quien \u00a0expuso los beneficios en torno a reducci\u00f3n de emisiones de Gases de Efecto Invernadero del proyecto de Cocci\u00f3n Eficiente del Ecuador, la cual es desarrollada por el proyecto FOCAM, implementado por PNUD. Hubenthal explic\u00f3 adem\u00e1s el contexto de desarrollo actual del \u00a0pa\u00eds y el avance de sus acciones de mitigaci\u00f3n, record\u00f3 tambi\u00e9n que el aporte del Ecuador al inventario global de emisiones es marginal, sin embargo el pa\u00eds se ve gravemente afectado por los impactos debido a sus condiciones geogr\u00e1ficas y clim\u00e1ticas. El Ecuador asume su compromiso de mitigaci\u00f3n bajo el principio de responsabilidades comunes pero diferenciadas.<\/p>\n<p style=\"text-align: justify;\">El Subsecretario recalc\u00f3 los esfuerzos en la reducci\u00f3n de emisiones, que son visibles a trav\u00e9s de proyectos enmarcados en la pol\u00edtica de transformaci\u00f3n de la matriz productiva y energ\u00e9tica del Ecuador . Entre las obras de mayor impacto, constan la construcci\u00f3n de ocho centrales hidroel\u00e9ctricas que permitir\u00e1 que el 90% de su energ\u00eda el\u00e9ctrica , provenga de fuentes renovables.<\/p>\n<p style=\"text-align: justify;\">El encuentro concluy\u00f3 con un espacio abierto de stands informativos donde los actores participantes presentaron a la audiencia los alcances de sus experiencias. Christian Parra Coordinador del Proyecto FOCAM particip\u00f3 en este espacio con una pancarta informativa sobre la NAMA PEC y comparti\u00f3 informaci\u00f3n sobre los avances a los invitados presentes.<\/p>\n","protected":false},"excerpt":{"rendered":"<p class=\"excerpt\">Durante la Vig\u00e9sima Conferencia de las Partes de la Convenci\u00f3n Marco de Naciones Unidas sobre el Cambio Clim\u00e1tico (COP20),\u00a0 se celebr\u00f3 el D\u00eda NAMA, con el fin de mostrar c\u00f3mo las Acciones de Mitigaci\u00f3n Apropiadas a cada Pa\u00eds (NAMAs) contribuyen al fomento de un modelo de desarrollo bajo en emisiones en pa\u00edses en desarrollo. En el marco de este evento&hellip; <a href=\"https:\/\/www.ambienteyenergia.gob.ec\/ambiente\/ecuador-expone-experiencia-exitosa-del-ecuador-en-mitigacion-en-la-cop20\/\">Read more &rarr;<\/a><\/p>\n","protected":false},"author":13,"featured_media":23749,"comment_status":"open","ping_status":"open","sticky":false,"template":"","format":"standard","meta":{"footnotes":""},"categories":[16,4],"tags":[133,387,591],"class_list":["post-23748","post","type-post","status-publish","format-standard","has-post-thumbnail","hentry","category-comunicamos","category-noticias","tag-cambio-climatico","tag-mae-lorena-tapia","tag-namas","xfolkentry"],"_links":{"self":[{"href":"https:\/\/www.ambienteyenergia.gob.ec\/ambiente\/wp-json\/wp\/v2\/posts\/23748","targetHints":{"allow":["GET"]}}],"collection":[{"href":"https:\/\/www.ambienteyenergia.gob.ec\/ambiente\/wp-json\/wp\/v2\/posts"}],"about":[{"href":"https:\/\/www.ambienteyenergia.gob.ec\/ambiente\/wp-json\/wp\/v2\/types\/post"}],"author":[{"embeddable":true,"href":"https:\/\/www.ambienteyenergia.gob.ec\/ambiente\/wp-json\/wp\/v2\/users\/13"}],"replies":[{"embeddable":true,"href":"https:\/\/www.ambienteyenergia.gob.ec\/ambiente\/wp-json\/wp\/v2\/comments?post=23748"}],"version-history":[{"count":0,"href":"https:\/\/www.ambienteyenergia.gob.ec\/ambiente\/wp-json\/wp\/v2\/posts\/23748\/revisions"}],"wp:featuredmedia":[{"embeddable":true,"href":"https:\/\/www.ambienteyenergia.gob.ec\/ambiente\/wp-json\/wp\/v2\/media\/23749"}],"wp:attachment":[{"href":"https:\/\/www.ambienteyenergia.gob.ec\/ambiente\/wp-json\/wp\/v2\/media?parent=23748"}],"wp:term":[{"taxonomy":"category","embeddable":true,"href":"https:\/\/www.ambienteyenergia.gob.ec\/ambiente\/wp-json\/wp\/v2\/categories?post=23748"},{"taxonomy":"post_tag","embeddable":true,"href":"https:\/\/www.ambienteyenergia.gob.ec\/ambiente\/wp-json\/wp\/v2\/tags?post=23748"}],"curies":[{"name":"wp","href":"https:\/\/api.w.org\/{rel}","templated":true}]}}