{"id":23746,"date":"2014-12-10T20:07:15","date_gmt":"2014-12-11T01:07:15","guid":{"rendered":"http:\/\/www.ambiente.gob.ec\/?p=23746"},"modified":"2014-12-10T20:07:15","modified_gmt":"2014-12-11T01:07:15","slug":"la-uicn-aclara-el-estado-de-conservacion-de-vertebrados-en-los-paises-de-america-del-sur","status":"publish","type":"post","link":"https:\/\/www.ambienteyenergia.gob.ec\/ambiente\/la-uicn-aclara-el-estado-de-conservacion-de-vertebrados-en-los-paises-de-america-del-sur\/","title":{"rendered":"La UICN aclara el estado de conservaci\u00f3n de vertebrados en los pa\u00edses de Am\u00e9rica del Sur"},"content":{"rendered":"<p style=\"text-align: justify;\">Un nuevo reporte sobre Spatially Explicit Trends in the Global Conservation Status of Vertebrates publicado el pasado 26 de Noviembre, se\u00f1al\u00f3 a ocho pa\u00edses como los responsables de m\u00e1s de la mitad del deterioro global; un informe basado en el \u00edndice de la Lista Roja de la Uni\u00f3n Internacional para la Conservaci\u00f3n de la Naturaleza (UICN).<\/p>\n<p style=\"text-align: justify;\">Sin embargo, Simon Stuart, Presidente de la Comisi\u00f3n de Supervivencia de Especies de la UICN, aclar\u00f3 que los resultados presentados en dicho informe no son exactos debido a que se pretende dar informaci\u00f3n por pa\u00eds, utilizando datos de la Lista Roja de la UICN en a\u00f1os espec\u00edficos. En el caso de las aves por ejemplo, los registros son del a\u00f1o 1988 y 2008; mam\u00edferos 1996 y 2008; y anfibios de 1980 y 2004.<\/p>\n<p style=\"text-align: justify;\">\u201cLa raz\u00f3n por la cual algunos pa\u00edses como Colombia y Ecuador aparecen con valores negativos en el \u00cdndice de la Lista Roja (RLI) es, en parte, porque se trata de pa\u00edses megadiversos con un alto n\u00famero de especies y que inevitablemente tienen m\u00e1s especies amenazadas, frente a muchos otros\u201d se\u00f1al\u00f3 Simon Stuart.<\/p>\n<p style=\"text-align: justify;\">Por ello, la UICN hace un llamado a los medios de comunicaci\u00f3n de Am\u00e9rica del Sur que han tomado la informaci\u00f3n generada por este reporte, a contactarse con los autores del estudio, para aclarar los supuestos en los que se basa \u00e9ste, como los par\u00e1metros de las mediciones y los l\u00edmites del mismo; que permita tener un resultado real y actual de la conservaci\u00f3n de vertebrados en los pa\u00edses de Am\u00e9rica del Sur.<\/p>\n<p style=\"text-align: justify;\">Actualmente, la informaci\u00f3n disponible sobre mam\u00edferos, aves y anfibios se basa \u00fanicamente en los \u00faltimos 10 a\u00f1os. \u201cEsto quiere decir que los Gobiernos han actuado en medio de una ausencia de informaci\u00f3n que sin duda dificulta la toma de medidas\u201d, aclar\u00f3 el Presidente de la Comisi\u00f3n de Supervivencia de Especies de la UICN.<\/p>\n<p style=\"text-align: justify;\">El Ecuador es el \u00fanico pa\u00eds en el mundo que reconoce los Derechos de la Naturaleza en su Constituci\u00f3n, siendo esta una herramienta importante para la protecci\u00f3n de todo el ecosistema. Adem\u00e1s, el Ministerio de Ambiente del Ecuador (MAE) como m\u00e1xima autoridad ambiental, a llevado adelante importantes y reconocidas acciones de conservaci\u00f3n y aplicaci\u00f3n de medidas preventivas, que se enmarcan en una nueva visi\u00f3n del Estado ecuatoriano: el Buen Vivir, que se basa en un modelo de desarrollo sostenible frente al manejo de los recursos naturales, la flora y fauna silvestre.<\/p>\n<p style=\"text-align: justify;\">Adicionalmente, Simon Stuart asegur\u00f3 que existen algunas variables dif\u00edciles de controlar que influyen en el resultado presentado y que no fue tomado en cuenta: \u201cPor ejemplo, la declinaci\u00f3n de anfibios en algunos pa\u00edses se debe a la enfermedad chytridiomycosis, sobre la cual no hay nada que los pa\u00edses puedan hacer; esta enfermedad es causada por un hongo que se expandi\u00f3 desde los a\u00f1os 80 en toda la regi\u00f3n y fuera de ella, devastando a muchas especies\u201d, afirm\u00f3.<\/p>\n<p style=\"text-align: justify;\">El objetivo de contar con estudios cient\u00edficos actualizados permitir\u00e1 que los Gobiernos puedan continuar con su trabajo acertado de conservaci\u00f3n de especies y sus h\u00e1bitats naturales.<\/p>\n","protected":false},"excerpt":{"rendered":"<p class=\"excerpt\">Un nuevo reporte sobre Spatially Explicit Trends in the Global Conservation Status of Vertebrates publicado el pasado 26 de Noviembre, se\u00f1al\u00f3 a ocho pa\u00edses como los responsables de m\u00e1s de la mitad del deterioro global; un informe basado en el \u00edndice de la Lista Roja de la Uni\u00f3n Internacional para la Conservaci\u00f3n de la Naturaleza (UICN). Sin embargo, Simon Stuart,&hellip; <a href=\"https:\/\/www.ambienteyenergia.gob.ec\/ambiente\/la-uicn-aclara-el-estado-de-conservacion-de-vertebrados-en-los-paises-de-america-del-sur\/\">Read more &rarr;<\/a><\/p>\n","protected":false},"author":13,"featured_media":23214,"comment_status":"open","ping_status":"open","sticky":false,"template":"","format":"standard","meta":{"footnotes":""},"categories":[16,4],"tags":[387],"class_list":["post-23746","post","type-post","status-publish","format-standard","has-post-thumbnail","hentry","category-comunicamos","category-noticias","tag-mae-lorena-tapia","xfolkentry"],"_links":{"self":[{"href":"https:\/\/www.ambienteyenergia.gob.ec\/ambiente\/wp-json\/wp\/v2\/posts\/23746","targetHints":{"allow":["GET"]}}],"collection":[{"href":"https:\/\/www.ambienteyenergia.gob.ec\/ambiente\/wp-json\/wp\/v2\/posts"}],"about":[{"href":"https:\/\/www.ambienteyenergia.gob.ec\/ambiente\/wp-json\/wp\/v2\/types\/post"}],"author":[{"embeddable":true,"href":"https:\/\/www.ambienteyenergia.gob.ec\/ambiente\/wp-json\/wp\/v2\/users\/13"}],"replies":[{"embeddable":true,"href":"https:\/\/www.ambienteyenergia.gob.ec\/ambiente\/wp-json\/wp\/v2\/comments?post=23746"}],"version-history":[{"count":0,"href":"https:\/\/www.ambienteyenergia.gob.ec\/ambiente\/wp-json\/wp\/v2\/posts\/23746\/revisions"}],"wp:featuredmedia":[{"embeddable":true,"href":"https:\/\/www.ambienteyenergia.gob.ec\/ambiente\/wp-json\/wp\/v2\/media\/23214"}],"wp:attachment":[{"href":"https:\/\/www.ambienteyenergia.gob.ec\/ambiente\/wp-json\/wp\/v2\/media?parent=23746"}],"wp:term":[{"taxonomy":"category","embeddable":true,"href":"https:\/\/www.ambienteyenergia.gob.ec\/ambiente\/wp-json\/wp\/v2\/categories?post=23746"},{"taxonomy":"post_tag","embeddable":true,"href":"https:\/\/www.ambienteyenergia.gob.ec\/ambiente\/wp-json\/wp\/v2\/tags?post=23746"}],"curies":[{"name":"wp","href":"https:\/\/api.w.org\/{rel}","templated":true}]}}