{"id":23744,"date":"2014-12-10T14:27:16","date_gmt":"2014-12-10T19:27:16","guid":{"rendered":"http:\/\/www.ambiente.gob.ec\/?p=23744"},"modified":"2014-12-11T11:15:21","modified_gmt":"2014-12-11T16:15:21","slug":"comunicado-oficial-del-ministerio-del-ambiente-sobre-articulo-cientifico","status":"publish","type":"post","link":"https:\/\/www.ambienteyenergia.gob.ec\/ambiente\/comunicado-oficial-del-ministerio-del-ambiente-sobre-articulo-cientifico\/","title":{"rendered":"Comunicado oficial del Ministerio del Ambiente sobre art\u00edculo cient\u00edfico"},"content":{"rendered":"<p style=\"text-align: justify;\">Con relaci\u00f3n al art\u00edculo cient\u00edfico \u201cSpatially Explicit Trends in the Global Conservation Status of Vertebrates\u201d de Ana Rodr\u00edgues y otros autores, publicado en PLOS ONE el 26 de Noviembre del 2014, \u00a0el Ministerio del Ambiente del Ecuador aclara lo siguiente:<\/p>\n<ul style=\"text-align: justify;\">\n<li>La prensa en sus noticias difundidas no refleja los alcances y l\u00edmites de este estudio. Al respecto, hoy un vocero de la UICN en Lima, Victor Inchausty, coment\u00f3: \u201cexiste un uso malicioso de la informaci\u00f3n por parte de la prensa, que no refleja los alcances y limitaciones de este estudio, mismo que busca ajustar las estrategias nacionales de biodiversidad y su acciones y, de ninguna manera, es una cr\u00edtica a lo que los pa\u00edses est\u00e1n haciendo\u201d.<\/li>\n<\/ul>\n<ul style=\"text-align: justify;\">\n<li>El informe de UICN es espec\u00edfico sobre el tema de biodiversidad por tanto varios medios de comunicaci\u00f3n de forma inexacta y malintencionada dicen que los ocho pa\u00edses en menci\u00f3n son responsables de m\u00e1s de la mitad del deterioro del planeta. Esto es absolutamente falso.<\/li>\n<\/ul>\n<ul style=\"text-align: justify;\">\n<li>El art\u00edculo cient\u00edfico \u201cSpatially Explicit Trends in the Global Conservation Status of Vertebrates\u201d de Ana Rodr\u00edgues y otros autores, publicado en PLOS ONE el 26 de Noviembre 2014, presenta un \u00edndice nuevo cuyo objetivo es generar informaci\u00f3n espec\u00edfica por pa\u00eds con base en la informaci\u00f3n de la lista roja de UICN.<\/li>\n<\/ul>\n<ul style=\"text-align: justify;\">\n<li>Los datos usados para aves son del 1988 y 2008, para mam\u00edferos de 1996 y 2008, y para anfibios de 1980 y 2004. Por lo tanto, la informaci\u00f3n no ha sido actualizada, y no describe el escenario actual, sino que retrata las tendencias en\u00a0 las \u00faltimas d\u00e9cadas. Adem\u00e1s, el art\u00edculo se basa en un modelo experimental donde se explican los par\u00e1metros de las mediciones, y tambi\u00e9n expone las limitaciones de esta metodolog\u00eda, que no es sino una herramienta de trabajo para toma de decisiones a nivel general en materia de especies en peligro.<\/li>\n<\/ul>\n<ul style=\"text-align: justify;\">\n<li>La raz\u00f3n para que algunos pa\u00edses aparezcan con valores negativos en el \u00edndice de la lista roja (RLI) es, en parte, porque son pa\u00edses megadiversos e inevitablemente tienen m\u00e1s especies en peligro que otros pa\u00edses, especialmente en el Ecuador, donde la superficie es peque\u00f1a y la riqueza de especies es muy alta. Hay algunas variables dif\u00edciles de controlar y que influyen en el resultado; la\u00a0declinaci\u00f3n de anfibios por chytridiomycosis, por ejemplo. Sobre esto no hay nada que los pa\u00edses puedan hacer de manera directa, pues se trata de un efecto del cambio clim\u00e1tico. Existen medidas en la actualidad para la recuperaci\u00f3n de estas especies, pero estas no exist\u00edan a los a\u00f1os a los corresponde el estudio.<\/li>\n<\/ul>\n<ul style=\"text-align: justify;\">\n<li>El art\u00edculo menciona que gran parte de la p\u00e9rdida de biodiversidad se concentra en peque\u00f1as regiones del planeta (39 ecorregiones) que corresponden a ocho pa\u00edses: Australia, China, Colombia, Ecuador, Indonesia, Malasia, Estados Unidos y M\u00e9xico. En el siglo pasado, por los efectos del cambio clim\u00e1tico en los Andes y otras causas, desaparecieron varias especies de vertebrados en el Ecuador, siendo el caso m\u00e1s emblem\u00e1tico la desaparici\u00f3n del Jambato (anfibio andino) a finales de los 1980s.<\/li>\n<\/ul>\n<ul style=\"text-align: justify;\">\n<li>La extinci\u00f3n de especies no es un fen\u00f3meno actual. Muchos cient\u00edficos incluso han denominado a esta p\u00e9rdida creciente de especies como la Sexta Extinci\u00f3n, pues en la historia del planeta han ocurrido previamente cinco grandes episodios o eventos de extinci\u00f3n masiva de especies (una de ellas en la que se extinguieron los dinosaurios).<\/li>\n<\/ul>\n<p style=\"text-align: justify;\">En ese sentido, es importante que los medios de comunicaci\u00f3n contrasten la informaci\u00f3n con datos reales oficiales:<\/p>\n<ol style=\"text-align: justify;\">\n<li>El Gobierno del Ecuador, a trav\u00e9s del Ministerio del Ambiente, est\u00e1 llevando a cabo pol\u00edticas y estrategias para combatir los factores principales que provocan la extinci\u00f3n de especies de forma prioritaria. A m\u00e1s de fortalecer la principal estrategia de conservaci\u00f3n que es el Sistema Nacional de \u00c1reas Protegidas (que actualmente cubre el 20% de la superficie del territorio nacional), se ha fortalecido el Programa Socio Bosque (para proteger bosques nativos de tenencia privada), y est\u00e1 en marcha el Programa de Restauraci\u00f3n Forestal para recuperar los ecosistemas m\u00e1s fr\u00e1giles, y anular la tasa de deforestaci\u00f3n estimada hasta el 2017. Uno de los ejemplos de que estas estrategias est\u00e1n teniendo resultado es el registro de <em style=\"color: #000000;\">Andinophryne olallaique<\/em>, un anfibio que no hab\u00eda sido visto hace 42 a\u00f1os, en un predio que es parte de la iniciativa Socio Bosque en la provincia de Imbabura.<\/li>\n<li>El Ecuador forma parte de los 17 pa\u00edses megadiversos, que albergan cerca del 70% de la biodiversidad del planeta, puesto que tiene un n\u00famero alto de especies por unidad de superficie, raz\u00f3n por lo cual los impactos generados por el cambio clim\u00e1tico o actividades de desarrollo tienen una magnitud mayor en relaci\u00f3n a pa\u00edses con mayor superficie.<\/li>\n<li>\u00a0A pesar de que el Ecuador es un pa\u00eds en v\u00edas de desarrollo, es signatario de varios convenios internacionales y ha asumido con responsabilidad los compromisos adquiridos y emprendiendo acciones a nivel de pol\u00edticas de estado y generando estrategias para proteger y mantener la biodiversidad.<\/li>\n<\/ol>\n<p style=\"text-align: justify;\">\u00a0<strong>RECONOCIMIENTOS DEL ECUADOR EN MATERIA AMBIENTAL\u00a0<\/strong><\/p>\n<ul style=\"text-align: justify;\">\n<li>Reconocimiento a nivel mundial de gesti\u00f3n ambiental: El Programa de las Naciones Unidas para el Medio Ambiente (PNUMA) felicit\u00f3 el trabajo que el Ministerio del Ambiente del Ecuador (MAE) realiza en el \u00e1rea de Reducci\u00f3n de Emisiones por Deforestaci\u00f3n y Degradaci\u00f3n de Bosques (REDD), a trav\u00e9s de su mecanismo REDD+ que surgi\u00f3 como una alternativa para contribuir a la mitigaci\u00f3n del cambio clim\u00e1tico con la reducci\u00f3n de emisiones de gases de efecto invernadero (GEI) asociadas a la deforestaci\u00f3n y degradaci\u00f3n de los bosques.<\/li>\n<\/ul>\n<ul style=\"text-align: justify;\">\n<li>Ecuador ocupa el segundo puesto en ranking de desempe\u00f1o ambiental en Am\u00e9rica Latina. El informe de las Universidades de Yale y Columbia otorgaron el segundo puesto de desempe\u00f1o ambiental a Ecuador, en Am\u00e9rica Latina. Los resultados de este informe se\u00f1alan tambi\u00e9n, que a nivel mundial, Suiza y Luxemburgo, lideran dicho ranking, mientras en Am\u00e9rica Latina, Chile es la posici\u00f3n n\u00famero uno. El \u00cdndice de Desempe\u00f1o Ambiental (IDA) reconoce las acciones que realizan los pa\u00edses en temas ambientales, priorizando la protecci\u00f3n de los ecosistemas y la salud humana. La medici\u00f3n de \u00e9ste indicador se la ejecuta a partir de varios indicadores como la calidad del aire y agua, recursos h\u00eddricos, Bosques y Biodiversidad, entre otros.<\/li>\n<\/ul>\n<ul>\n<li style=\"text-align: justify;\">Programa Socio Bosque: Lograr la conservaci\u00f3n de las \u00e1reas de bosques nativos, p\u00e1ramos y otras formaciones vegetales nativas del Ecuador. Reducir las emisiones de gases de efecto invernadero causadas por efecto de la deforestaci\u00f3n y contribuir a la mejora de las condiciones de vida de los habitantes de poblaciones rurales asentadas en dichas \u00e1reas. La participaci\u00f3n en el Proyecto Socio Bosque es voluntaria por parte del solicitante. Con la finalidad de cumplir con los objetivos el Proyecto Socio Bosque aplicar\u00e1 como uno de los mecanismos de implementaci\u00f3n la entrega directa de un incentivo por parte del Estado, a trav\u00e9s del Ministerio del Ambiente, a los propietarios de predios cubiertos con bosques nativos, p\u00e1ramos y otras formaciones vegetales nativas del pa\u00eds, y que ser\u00e1 condicionada a la conservaci\u00f3n y protecci\u00f3n de dichas \u00e1reas. Los datos de cierre de SB en 2014 son los siguientes: 1.434.061,95 has. La inversi\u00f3n del Estado desde 2008 asciende aproximadamente a 43 millones de d\u00f3lares.<\/li>\n<\/ul>\n","protected":false},"excerpt":{"rendered":"<p class=\"excerpt\">Con relaci\u00f3n al art\u00edculo cient\u00edfico \u201cSpatially Explicit Trends in the Global Conservation Status of Vertebrates\u201d de Ana Rodr\u00edgues y otros autores, publicado en PLOS ONE el 26 de Noviembre del 2014, \u00a0el Ministerio del Ambiente del Ecuador aclara lo siguiente: La prensa en sus noticias difundidas no refleja los alcances y l\u00edmites de este estudio. Al respecto, hoy un vocero&hellip; <a href=\"https:\/\/www.ambienteyenergia.gob.ec\/ambiente\/comunicado-oficial-del-ministerio-del-ambiente-sobre-articulo-cientifico\/\">Read more &rarr;<\/a><\/p>\n","protected":false},"author":13,"featured_media":23214,"comment_status":"open","ping_status":"open","sticky":false,"template":"","format":"standard","meta":{"footnotes":""},"categories":[16,4],"tags":[387],"class_list":["post-23744","post","type-post","status-publish","format-standard","has-post-thumbnail","hentry","category-comunicamos","category-noticias","tag-mae-lorena-tapia","xfolkentry"],"_links":{"self":[{"href":"https:\/\/www.ambienteyenergia.gob.ec\/ambiente\/wp-json\/wp\/v2\/posts\/23744","targetHints":{"allow":["GET"]}}],"collection":[{"href":"https:\/\/www.ambienteyenergia.gob.ec\/ambiente\/wp-json\/wp\/v2\/posts"}],"about":[{"href":"https:\/\/www.ambienteyenergia.gob.ec\/ambiente\/wp-json\/wp\/v2\/types\/post"}],"author":[{"embeddable":true,"href":"https:\/\/www.ambienteyenergia.gob.ec\/ambiente\/wp-json\/wp\/v2\/users\/13"}],"replies":[{"embeddable":true,"href":"https:\/\/www.ambienteyenergia.gob.ec\/ambiente\/wp-json\/wp\/v2\/comments?post=23744"}],"version-history":[{"count":0,"href":"https:\/\/www.ambienteyenergia.gob.ec\/ambiente\/wp-json\/wp\/v2\/posts\/23744\/revisions"}],"wp:featuredmedia":[{"embeddable":true,"href":"https:\/\/www.ambienteyenergia.gob.ec\/ambiente\/wp-json\/wp\/v2\/media\/23214"}],"wp:attachment":[{"href":"https:\/\/www.ambienteyenergia.gob.ec\/ambiente\/wp-json\/wp\/v2\/media?parent=23744"}],"wp:term":[{"taxonomy":"category","embeddable":true,"href":"https:\/\/www.ambienteyenergia.gob.ec\/ambiente\/wp-json\/wp\/v2\/categories?post=23744"},{"taxonomy":"post_tag","embeddable":true,"href":"https:\/\/www.ambienteyenergia.gob.ec\/ambiente\/wp-json\/wp\/v2\/tags?post=23744"}],"curies":[{"name":"wp","href":"https:\/\/api.w.org\/{rel}","templated":true}]}}