{"id":23735,"date":"2014-12-10T11:12:00","date_gmt":"2014-12-10T16:12:00","guid":{"rendered":"http:\/\/www.ambiente.gob.ec\/?p=23735"},"modified":"2014-12-10T11:16:33","modified_gmt":"2014-12-10T16:16:33","slug":"mae-pngids-emprende-campana-de-consumo-responsable-en-diciembre","status":"publish","type":"post","link":"https:\/\/www.ambienteyenergia.gob.ec\/ambiente\/mae-pngids-emprende-campana-de-consumo-responsable-en-diciembre\/","title":{"rendered":"MAE- PNGIDS emprende campa\u00f1a de consumo responsable en diciembre"},"content":{"rendered":"<p style=\"text-align: justify;\">El Ministerio del Ambiente, a trav\u00e9s de su Programa Nacional para la Gesti\u00f3n Integral de Desechos S\u00f3lidos (PNGIDS) emprende una campa\u00f1a de reducci\u00f3n, reuso y reciclaje de residuos s\u00f3lidos a prop\u00f3sito de las fiestas de diciembre.<\/p>\n<p style=\"text-align: justify;\">El objetivo de esta campa\u00f1a es informar a la ciudadan\u00eda sobre las consecuencias ambientales de nuestro excesivo consumo en esta \u00e9poca y las m\u00faltiples opciones positivas con el ambiente existentes a la hora de decorar su hogar, organizar eventos, adquirir nuevos productos, entre otras, ya que varios estudios demuestran que en este mes la producci\u00f3n de desechos se puede llegar a duplicar principalmente con la generaci\u00f3n de envases y empaques.<\/p>\n<p style=\"text-align: justify;\">En ese sentido, tenga en cuenta los siguientes consejos:<\/p>\n<ol style=\"text-align: justify;\">\n<li>Separe sus residuos navide\u00f1os reciclables (empaques de cart\u00f3n de juguetes u otros productos, empaques pl\u00e1sticos, envases reciclables, papel regalo, entre otros) del resto de residuos, y disp\u00f3ngalos de forma diferenciada ya que as\u00ed ayudar\u00e1 a decenas de familias que se dedican al reciclaje. Recuerde, si los residuos est\u00e1n bien separados se pueden reciclar hasta en un 90%.<\/li>\n<li>Adquiera o elabore regalos que generen poco o no generen residuos, reuse las bolsas y papel de regalo o utilice papel reciclado o peri\u00f3dico para sus envolturas.<\/li>\n<li>Sea responsable en la generaci\u00f3n de residuos. En lo posible no consuma envases de poliestireno, tarrinas, fundas pl\u00e1sticas y sorbetes.<\/li>\n<li>La Navidad es un buen momento para desarrollar su creatividad. Elabore detalles navide\u00f1os con materiales reciclados: CDs en desuso, botellas, focos, corchos, entre otros.<\/li>\n<\/ol>\n<p style=\"text-align: justify;\">El ambiente se lo agradecer\u00e1. Recuerde que el cambio empieza por uno mismo.<\/p>\n","protected":false},"excerpt":{"rendered":"<p class=\"excerpt\">El Ministerio del Ambiente, a trav\u00e9s de su Programa Nacional para la Gesti\u00f3n Integral de Desechos S\u00f3lidos (PNGIDS) emprende una campa\u00f1a de reducci\u00f3n, reuso y reciclaje de residuos s\u00f3lidos a prop\u00f3sito de las fiestas de diciembre. El objetivo de esta campa\u00f1a es informar a la ciudadan\u00eda sobre las consecuencias ambientales de nuestro excesivo consumo en esta \u00e9poca y las m\u00faltiples&hellip; <a href=\"https:\/\/www.ambienteyenergia.gob.ec\/ambiente\/mae-pngids-emprende-campana-de-consumo-responsable-en-diciembre\/\">Read more &rarr;<\/a><\/p>\n","protected":false},"author":13,"featured_media":23736,"comment_status":"open","ping_status":"open","sticky":false,"template":"","format":"standard","meta":{"footnotes":""},"categories":[16,4],"tags":[588,92,108,53,160],"class_list":["post-23735","post","type-post","status-publish","format-standard","has-post-thumbnail","hentry","category-comunicamos","category-noticias","tag-consumo","tag-desechos-solidos","tag-lorena-tapia","tag-mae","tag-navidad","xfolkentry"],"_links":{"self":[{"href":"https:\/\/www.ambienteyenergia.gob.ec\/ambiente\/wp-json\/wp\/v2\/posts\/23735","targetHints":{"allow":["GET"]}}],"collection":[{"href":"https:\/\/www.ambienteyenergia.gob.ec\/ambiente\/wp-json\/wp\/v2\/posts"}],"about":[{"href":"https:\/\/www.ambienteyenergia.gob.ec\/ambiente\/wp-json\/wp\/v2\/types\/post"}],"author":[{"embeddable":true,"href":"https:\/\/www.ambienteyenergia.gob.ec\/ambiente\/wp-json\/wp\/v2\/users\/13"}],"replies":[{"embeddable":true,"href":"https:\/\/www.ambienteyenergia.gob.ec\/ambiente\/wp-json\/wp\/v2\/comments?post=23735"}],"version-history":[{"count":0,"href":"https:\/\/www.ambienteyenergia.gob.ec\/ambiente\/wp-json\/wp\/v2\/posts\/23735\/revisions"}],"wp:featuredmedia":[{"embeddable":true,"href":"https:\/\/www.ambienteyenergia.gob.ec\/ambiente\/wp-json\/wp\/v2\/media\/23736"}],"wp:attachment":[{"href":"https:\/\/www.ambienteyenergia.gob.ec\/ambiente\/wp-json\/wp\/v2\/media?parent=23735"}],"wp:term":[{"taxonomy":"category","embeddable":true,"href":"https:\/\/www.ambienteyenergia.gob.ec\/ambiente\/wp-json\/wp\/v2\/categories?post=23735"},{"taxonomy":"post_tag","embeddable":true,"href":"https:\/\/www.ambienteyenergia.gob.ec\/ambiente\/wp-json\/wp\/v2\/tags?post=23735"}],"curies":[{"name":"wp","href":"https:\/\/api.w.org\/{rel}","templated":true}]}}