{"id":23730,"date":"2014-12-09T18:26:27","date_gmt":"2014-12-09T23:26:27","guid":{"rendered":"http:\/\/www.ambiente.gob.ec\/?p=23730"},"modified":"2014-12-09T18:26:27","modified_gmt":"2014-12-09T23:26:27","slug":"primeros-sentenciados-por-delito-de-invasion-al-refugio-de-vida-silvestre-la-chiquita-en-esmeraldas","status":"publish","type":"post","link":"https:\/\/www.ambienteyenergia.gob.ec\/ambiente\/primeros-sentenciados-por-delito-de-invasion-al-refugio-de-vida-silvestre-la-chiquita-en-esmeraldas\/","title":{"rendered":"Primeros sentenciados por delito de invasi\u00f3n al Refugio de Vida Silvestre La Chiquita en Esmeraldas"},"content":{"rendered":"<p style=\"text-align: justify;\">El pasado mi\u00e9rcoles 3 de Diciembre en la Unidad Judicial Multicompetente del cant\u00f3n San Lorenzo, se realizo una Audiencia de Juzgamiento aplicando el Procedimiento Directo tal como lo estipula el C\u00f3digo Org\u00e1nico Integral Penal, en contra de seis personas por delito de Invasi\u00f3n en un \u00e1rea de importancia ecol\u00f3gica.<\/p>\n<p style=\"text-align: justify;\">Los detenidos fueron procesados bajo el Art. 245 del COIP que se\u00f1ala:<\/p>\n<p style=\"text-align: justify;\"><strong>Invasi\u00f3n de \u00e1reas de importancia ecol\u00f3gica.- <\/strong>La persona que invada las \u00e1reas del Sistema Nacional de \u00c1reas Protegidas o ecosistemas fr\u00e1giles, ser\u00e1 sancionada con pena privativa de libertad de unoa tres a\u00f1os.<\/p>\n<p style=\"text-align: justify;\">Los seis hombres habr\u00edan ingresado al Refugio de Vida Silvestre La Chiquita del cant\u00f3n San Lorenzo y mediante un operativo conjunto entre el Ministerio del Ambiente (MAE) y la Polic\u00eda Nacional se los detuvo en delito flagrante, portando 2 motosierras. En el lugar los uniformados contabilizaron un total de 170 tablas semi elaboradas con medidas de 4m de largo por 2cm de ancho producto de la tala ilegal en este sitio y adem\u00e1s 16 tocones \u00e1rboles talados de especies nativas de bosque tr\u00f3pico h\u00famedo entre sande, coco y roble.<\/p>\n<p style=\"text-align: justify;\">Al final de la audiencia el Juez competente declar\u00f3 como culpables del delito de invasi\u00f3n de \u00e1rea protegida a los acusados y sancion\u00f3 a 4 de ellos con pena de 20 meses de prisi\u00f3n correccional y multa de 10 salarios b\u00e1sicos unificados del trabajador en general; mientras que los otros dos fueron declarados como c\u00f3mplices aplic\u00e1ndoles una pena de 10 meses de prisi\u00f3n correccional y multa de 10 salarios b\u00e1sicos unificados del trabajador en general.<\/p>\n<p style=\"text-align: justify;\">De este forma el MAE basado en sus competencias y a la normativa legal que protege los derechos de la naturaleza consagrados en la Constituci\u00f3n; garantiza la protecci\u00f3n y conservaci\u00f3n de espacios naturales que integran el Sistema Nacional de \u00c1reas Protegidas (SNAP) y dem\u00e1s lugares de importancia ecol\u00f3gica, con el objetivo de promover el desarrollo sostenible y equilibrado para la construcci\u00f3n de un Ecuador Verde.<\/p>\n","protected":false},"excerpt":{"rendered":"<p class=\"excerpt\">El pasado mi\u00e9rcoles 3 de Diciembre en la Unidad Judicial Multicompetente del cant\u00f3n San Lorenzo, se realizo una Audiencia de Juzgamiento aplicando el Procedimiento Directo tal como lo estipula el C\u00f3digo Org\u00e1nico Integral Penal, en contra de seis personas por delito de Invasi\u00f3n en un \u00e1rea de importancia ecol\u00f3gica. Los detenidos fueron procesados bajo el Art. 245 del COIP que&hellip; <a href=\"https:\/\/www.ambienteyenergia.gob.ec\/ambiente\/primeros-sentenciados-por-delito-de-invasion-al-refugio-de-vida-silvestre-la-chiquita-en-esmeraldas\/\">Read more &rarr;<\/a><\/p>\n","protected":false},"author":13,"featured_media":23214,"comment_status":"open","ping_status":"open","sticky":false,"template":"","format":"standard","meta":{"footnotes":""},"categories":[16,4],"tags":[53],"class_list":["post-23730","post","type-post","status-publish","format-standard","has-post-thumbnail","hentry","category-comunicamos","category-noticias","tag-mae","xfolkentry"],"_links":{"self":[{"href":"https:\/\/www.ambienteyenergia.gob.ec\/ambiente\/wp-json\/wp\/v2\/posts\/23730","targetHints":{"allow":["GET"]}}],"collection":[{"href":"https:\/\/www.ambienteyenergia.gob.ec\/ambiente\/wp-json\/wp\/v2\/posts"}],"about":[{"href":"https:\/\/www.ambienteyenergia.gob.ec\/ambiente\/wp-json\/wp\/v2\/types\/post"}],"author":[{"embeddable":true,"href":"https:\/\/www.ambienteyenergia.gob.ec\/ambiente\/wp-json\/wp\/v2\/users\/13"}],"replies":[{"embeddable":true,"href":"https:\/\/www.ambienteyenergia.gob.ec\/ambiente\/wp-json\/wp\/v2\/comments?post=23730"}],"version-history":[{"count":0,"href":"https:\/\/www.ambienteyenergia.gob.ec\/ambiente\/wp-json\/wp\/v2\/posts\/23730\/revisions"}],"wp:featuredmedia":[{"embeddable":true,"href":"https:\/\/www.ambienteyenergia.gob.ec\/ambiente\/wp-json\/wp\/v2\/media\/23214"}],"wp:attachment":[{"href":"https:\/\/www.ambienteyenergia.gob.ec\/ambiente\/wp-json\/wp\/v2\/media?parent=23730"}],"wp:term":[{"taxonomy":"category","embeddable":true,"href":"https:\/\/www.ambienteyenergia.gob.ec\/ambiente\/wp-json\/wp\/v2\/categories?post=23730"},{"taxonomy":"post_tag","embeddable":true,"href":"https:\/\/www.ambienteyenergia.gob.ec\/ambiente\/wp-json\/wp\/v2\/tags?post=23730"}],"curies":[{"name":"wp","href":"https:\/\/api.w.org\/{rel}","templated":true}]}}