{"id":23719,"date":"2014-12-09T10:13:15","date_gmt":"2014-12-09T15:13:15","guid":{"rendered":"http:\/\/www.ambiente.gob.ec\/?p=23719"},"modified":"2014-12-09T10:13:33","modified_gmt":"2014-12-09T15:13:33","slug":"23719","status":"publish","type":"post","link":"https:\/\/www.ambienteyenergia.gob.ec\/ambiente\/23719\/","title":{"rendered":"Medida de adaptaci\u00f3n al cambio clim\u00e1tico fue implementada en la comunidad Llig\u00f1ay"},"content":{"rendered":"<p class=\"predeterminado\" style=\"color: #000000; text-align: justify;\"><span lang=\"ES\">Con el aporte de varias entidades, se logr\u00f3 una serie de acciones conjuntas como medida de adaptaci\u00f3n al cambio clim\u00e1tico en la comunidad de\u00a0<span id=\"DWT305\"><span class=\"zm-spellcheck-misspelled\">Llig\u00f1ay<\/span><\/span>, parroquia\u00a0<span id=\"DWT306\"><span class=\"zm-spellcheck-misspelled\">Ulba<\/span><\/span>\u00a0en el cant\u00f3n Ba\u00f1os.<\/span><\/p>\n<p class=\"predeterminado\" style=\"color: #000000; text-align: justify;\"><span class=\"zm-spellcheck-misspelled\"><span id=\"DWT307\"><span lang=\"ES\">Ulba<\/span><\/span><\/span><span lang=\"ES\">, se ubica en la zona que comparte la cola del embalse de la central\u00a0<span id=\"DWT308\"><span class=\"zm-spellcheck-misspelled\">Agoy\u00e1n<\/span><\/span>\u00a0y por lo tanto, en el \u00e1rea de influencia directa e indirecta de la represa, compartiendo de forma simult\u00e1nea los problemas de deslizamientos de tierra provocados por las intensas lluvias, sequ\u00eda y variabilidad del clima que cada vez son m\u00e1s irregulares afectando de forma significativa la producci\u00f3n de energ\u00eda el\u00e9ctrica y la actividad agr\u00edcola.<\/span><\/p>\n<p class=\"predeterminado\" style=\"color: #000000; text-align: justify;\"><span lang=\"ES\">El sistema ambiental de la parroquia\u00a0<span id=\"DWT309\"><span class=\"zm-spellcheck-misspelled\">Ulba<\/span><\/span>\u00a0se encuentra en un estado de riesgo por el uso y aprovechamiento inadecuado de la\u00a0<span id=\"DWT310\"><span class=\"zm-spellcheck-misspelled\">microcuenca<\/span><\/span>\u00a0donde se asienta, por ejemplo, las actividades de siembra realizadas en pendiente le hace especialmente vulnerable a los deslizamientos de tierra, sumado a el cambio en los patrones de clima que se ha hecho bastante evidente para los pobladores del sector. Para enfrentar los problemas mencionados, se deben considerar soluciones que impliquen una acci\u00f3n inmediata y, tambi\u00e9n, m\u00e9todos de prevenci\u00f3n para impedir un mayor deterioro a futuro.<\/span><\/p>\n<p class=\"predeterminado\" style=\"color: #000000; text-align: justify;\"><span lang=\"ES\">Como medida de adaptaci\u00f3n al cambio clim\u00e1tico, funcionarios de la Subsecretar\u00eda de Cambio Clim\u00e1tico del Ministerio del Ambiente (<span id=\"DWT311\"><span class=\"zm-spellcheck-misspelled\">MAE<\/span><\/span>),\u00a0\u00a0Parque Nacional<span id=\"DWT313\"><span class=\"zm-spellcheck-misspelled\">Llanganates<\/span>,<\/span>\u00a0Corporaci\u00f3n El\u00e9ctrica del Ecuador (<span id=\"DWT312\"><span class=\"zm-spellcheck-misspelled\">CELEC<\/span><\/span>), y Fondo Mundial para la Naturaleza (<span id=\"DWT314\"><span class=\"zm-spellcheck-misspelled\">WWF<\/span><\/span>, por sus siglas en ingl\u00e9s), capacitaron a los habitantes de la comunidad de\u00a0<span id=\"DWT315\"><span class=\"zm-spellcheck-misspelled\">Llig\u00f1ay<\/span><\/span>\u00a0en conceptos de cambio clim\u00e1tico y producci\u00f3n de\u00a0<span id=\"DWT316\"><span class=\"zm-spellcheck-misspelled\">biofertilizantes<\/span><\/span>; entregaron y sembraron en conjunto 500 plantas frutales (Aguacate\u00a0<span id=\"DWT317\"><span class=\"zm-spellcheck-misspelled\">Hass<\/span><\/span>, Aguacate Fuerte, Granadilla, Lim\u00f3n\u00a0<span id=\"DWT318\"><span class=\"zm-spellcheck-misspelled\">Meyer<\/span><\/span>\u00a0y\u00a0<span id=\"DWT319\"><span class=\"zm-spellcheck-misspelled\">Taithi<\/span><\/span>, Mora de Castilla, Naranjilla, Tomate de \u00e1rbol y Mandarina), 2275 plantas forestales (Guarango, Acacia, Nogal,\u00a0<span id=\"DWT320\"><span class=\"zm-spellcheck-misspelled\">Cedrela<\/span><\/span>\u00a0montana, Lupino,\u00a0<span id=\"DWT321\"><span class=\"zm-spellcheck-misspelled\">Chol\u00e1n<\/span><\/span>\u00a0y Array\u00e1n); y entregaron\u00a0<span id=\"DWT322\"><span class=\"zm-spellcheck-misspelled\">kits<\/span><\/span>\u00a0agr\u00edcolas para la elaboraci\u00f3n de abonos org\u00e1nicos (cal agr\u00edcola, tanque pl\u00e1stico -para elaboraci\u00f3n de\u00a0<span id=\"DWT323\"><span class=\"zm-spellcheck-misspelled\">biofertilizantes<\/span><\/span>&#8211; y melaza).<\/span><\/p>\n","protected":false},"excerpt":{"rendered":"<p class=\"excerpt\">Con el aporte de varias entidades, se logr\u00f3 una serie de acciones conjuntas como medida de adaptaci\u00f3n al cambio clim\u00e1tico en la comunidad de\u00a0Llig\u00f1ay, parroquia\u00a0Ulba\u00a0en el cant\u00f3n Ba\u00f1os. Ulba, se ubica en la zona que comparte la cola del embalse de la central\u00a0Agoy\u00e1n\u00a0y por lo tanto, en el \u00e1rea de influencia directa e indirecta de la represa, compartiendo de forma&hellip; <a href=\"https:\/\/www.ambienteyenergia.gob.ec\/ambiente\/23719\/\">Read more &rarr;<\/a><\/p>\n","protected":false},"author":13,"featured_media":23720,"comment_status":"open","ping_status":"open","sticky":false,"template":"","format":"standard","meta":{"footnotes":""},"categories":[16,4],"tags":[133,387],"class_list":["post-23719","post","type-post","status-publish","format-standard","has-post-thumbnail","hentry","category-comunicamos","category-noticias","tag-cambio-climatico","tag-mae-lorena-tapia","xfolkentry"],"_links":{"self":[{"href":"https:\/\/www.ambienteyenergia.gob.ec\/ambiente\/wp-json\/wp\/v2\/posts\/23719","targetHints":{"allow":["GET"]}}],"collection":[{"href":"https:\/\/www.ambienteyenergia.gob.ec\/ambiente\/wp-json\/wp\/v2\/posts"}],"about":[{"href":"https:\/\/www.ambienteyenergia.gob.ec\/ambiente\/wp-json\/wp\/v2\/types\/post"}],"author":[{"embeddable":true,"href":"https:\/\/www.ambienteyenergia.gob.ec\/ambiente\/wp-json\/wp\/v2\/users\/13"}],"replies":[{"embeddable":true,"href":"https:\/\/www.ambienteyenergia.gob.ec\/ambiente\/wp-json\/wp\/v2\/comments?post=23719"}],"version-history":[{"count":0,"href":"https:\/\/www.ambienteyenergia.gob.ec\/ambiente\/wp-json\/wp\/v2\/posts\/23719\/revisions"}],"wp:featuredmedia":[{"embeddable":true,"href":"https:\/\/www.ambienteyenergia.gob.ec\/ambiente\/wp-json\/wp\/v2\/media\/23720"}],"wp:attachment":[{"href":"https:\/\/www.ambienteyenergia.gob.ec\/ambiente\/wp-json\/wp\/v2\/media?parent=23719"}],"wp:term":[{"taxonomy":"category","embeddable":true,"href":"https:\/\/www.ambienteyenergia.gob.ec\/ambiente\/wp-json\/wp\/v2\/categories?post=23719"},{"taxonomy":"post_tag","embeddable":true,"href":"https:\/\/www.ambienteyenergia.gob.ec\/ambiente\/wp-json\/wp\/v2\/tags?post=23719"}],"curies":[{"name":"wp","href":"https:\/\/api.w.org\/{rel}","templated":true}]}}