{"id":23715,"date":"2014-12-08T20:34:40","date_gmt":"2014-12-09T01:34:40","guid":{"rendered":"http:\/\/www.ambiente.gob.ec\/?p=23715"},"modified":"2014-12-09T16:46:45","modified_gmt":"2014-12-09T21:46:45","slug":"ministra-tapia-socializo-niveles-de-referencia-por-reduccion-de-emisiones-en-la-cop-20","status":"publish","type":"post","link":"https:\/\/www.ambienteyenergia.gob.ec\/ambiente\/ministra-tapia-socializo-niveles-de-referencia-por-reduccion-de-emisiones-en-la-cop-20\/","title":{"rendered":"Ministra Lorena Tapia presenta iniciativas forestales en el d\u00eda Redd + en la COP20"},"content":{"rendered":"<p style=\"text-align: justify;\">En el marco de la Vig\u00e9sima Conferencia de las Partes sobre el Cambio Clim\u00e1tico, se celebra el D\u00eda Redd + para discutir el mecanismo de Reducci\u00f3n de Emisiones por Deforestaci\u00f3n y Degradaci\u00f3n, una iniciativa para la conservaci\u00f3n de bosques que en la actualidad ya se implementa en varios pa\u00edses en desarrollo.<\/p>\n<p style=\"text-align: justify;\">Manuel Pulgar inaugur\u00f3 el evento se\u00f1alando la importancia de celebrar este d\u00eda para mostrar que a partir de Varsovia, se ha evidenciado alta voluntad pol\u00edtica de los pa\u00edses en desarrollo por implementar el mecanismo el cual contribuye de manera significativa a mitigar el cambio clim\u00e1tico. Se\u00f1al\u00f3 que Per\u00fa, es un pa\u00eds de gran cobertura forestal y que a pesar de ser un pa\u00eds en desarrollo , ha sido capaz de manejar sus bosques de una manera sostenible. El Ministro del Ambiente y Presidente de la COP20, se\u00f1al\u00f3 tambi\u00e9n la importancia de contar con un inventario de los sumideros de carbono, para impulsar medidas de conservaci\u00f3n de los bosques que contribuyan a mitigar el cambio clim\u00e1tico.<\/p>\n<p style=\"text-align: justify;\">En este marco, la Ministra Lorena Tapia, present\u00f3 ante los delegados y representantes nacionales de 195 pa\u00edses, los avances del Ecuador en abordar la deforestaci\u00f3n y sus emisiones asociadas. La Ministra, recalc\u00f3 que los esfuerzos se evidencian desde la pol\u00edtica a la pr\u00e1ctica. La Constituci\u00f3n del Ecuador, es la primera en la historia en reconocer los derechos de la naturaleza, por lo que junto a los instrumentos complementarios de pol\u00edticas, se ha marcado un hito en la historia de la responsabilidad ambiental en el Ecuador.<\/p>\n<p style=\"text-align: justify;\">El Ecuador a trav\u00e9s del Ministerio del Ambiente, ha mostrado avances sin precedentes en gobernanza forestal con la generaci\u00f3n de la primera serie mutitemporal sobre a cobertura vegetal junto con el primer Inventario Nacional Forestal. \u201cPor primera vez en el pa\u00eds se cuenta con informaci\u00f3n robusta y consistente, la base para el desarrollo del nivel de referencia forestales para Redd + conforme a los elementos acordados en Canc\u00fan, en el contexto de pago por resultados\u201d se\u00f1al\u00f3 la Ministra.<\/p>\n<p style=\"text-align: justify;\">Tras la COP 15 en Copenhague, las Partes adoptaron la decisi\u00f3n CP15 por medio de la cual se estableci\u00f3 que los pa\u00edses en desarrollo establecer\u00e1n niveles de emisiones forestales de referencia de manera transparente, teniendo en cuento los datos hist\u00f3ricos y las circunstancias nacionales. El nivel de referencia indica la trayectoria de emisiones que un pa\u00eds hubiera seguido en la ausencia de un mecanismo REDD. El objetivo final dentro del sistema REDD +, consiste en\u00a0 recompensar las emisiones en comparaci\u00f3n con el nivel de referencia.<\/p>\n<p style=\"text-align: justify;\">En este encuentro se ha demostrado el profundo compromiso de los pa\u00edses en desarrollo por dar cumplimiento a la decisi\u00f3n.\u00a0 Los gobiernos de M\u00e9xico y Tailandia presentaron de manera oficial sus niveles de referencia, lo cual marca la pauta para la implementaci\u00f3n del proyecto. Se evidenci\u00f3 la voluntad por implementar el proyecto Redd + como un mecanismo de mitigaci\u00f3n del cambio clim\u00e1tico, con un enfoque de paisaje en el que se reconozca el verdadero valor de los bosques, la biodiversidad y los servicios ecosist\u00e9micos, para ofrecer a la poblaci\u00f3n una vida de calidad.<\/p>\n","protected":false},"excerpt":{"rendered":"<p class=\"excerpt\">En el marco de la Vig\u00e9sima Conferencia de las Partes sobre el Cambio Clim\u00e1tico, se celebra el D\u00eda Redd + para discutir el mecanismo de Reducci\u00f3n de Emisiones por Deforestaci\u00f3n y Degradaci\u00f3n, una iniciativa para la conservaci\u00f3n de bosques que en la actualidad ya se implementa en varios pa\u00edses en desarrollo. Manuel Pulgar inaugur\u00f3 el evento se\u00f1alando la importancia de&hellip; <a href=\"https:\/\/www.ambienteyenergia.gob.ec\/ambiente\/ministra-tapia-socializo-niveles-de-referencia-por-reduccion-de-emisiones-en-la-cop-20\/\">Read more &rarr;<\/a><\/p>\n","protected":false},"author":13,"featured_media":23724,"comment_status":"open","ping_status":"open","sticky":false,"template":"","format":"standard","meta":{"footnotes":""},"categories":[16,4],"tags":[573,387],"class_list":["post-23715","post","type-post","status-publish","format-standard","has-post-thumbnail","hentry","category-comunicamos","category-noticias","tag-cop20","tag-mae-lorena-tapia","xfolkentry"],"_links":{"self":[{"href":"https:\/\/www.ambienteyenergia.gob.ec\/ambiente\/wp-json\/wp\/v2\/posts\/23715","targetHints":{"allow":["GET"]}}],"collection":[{"href":"https:\/\/www.ambienteyenergia.gob.ec\/ambiente\/wp-json\/wp\/v2\/posts"}],"about":[{"href":"https:\/\/www.ambienteyenergia.gob.ec\/ambiente\/wp-json\/wp\/v2\/types\/post"}],"author":[{"embeddable":true,"href":"https:\/\/www.ambienteyenergia.gob.ec\/ambiente\/wp-json\/wp\/v2\/users\/13"}],"replies":[{"embeddable":true,"href":"https:\/\/www.ambienteyenergia.gob.ec\/ambiente\/wp-json\/wp\/v2\/comments?post=23715"}],"version-history":[{"count":0,"href":"https:\/\/www.ambienteyenergia.gob.ec\/ambiente\/wp-json\/wp\/v2\/posts\/23715\/revisions"}],"wp:featuredmedia":[{"embeddable":true,"href":"https:\/\/www.ambienteyenergia.gob.ec\/ambiente\/wp-json\/wp\/v2\/media\/23724"}],"wp:attachment":[{"href":"https:\/\/www.ambienteyenergia.gob.ec\/ambiente\/wp-json\/wp\/v2\/media?parent=23715"}],"wp:term":[{"taxonomy":"category","embeddable":true,"href":"https:\/\/www.ambienteyenergia.gob.ec\/ambiente\/wp-json\/wp\/v2\/categories?post=23715"},{"taxonomy":"post_tag","embeddable":true,"href":"https:\/\/www.ambienteyenergia.gob.ec\/ambiente\/wp-json\/wp\/v2\/tags?post=23715"}],"curies":[{"name":"wp","href":"https:\/\/api.w.org\/{rel}","templated":true}]}}