{"id":23711,"date":"2014-12-08T16:00:44","date_gmt":"2014-12-08T21:00:44","guid":{"rendered":"http:\/\/www.ambiente.gob.ec\/?p=23711"},"modified":"2014-12-08T16:04:47","modified_gmt":"2014-12-08T21:04:47","slug":"pacc-realiza-intercambio-de-experiencias-con-estudiantes-de-la-espol-en-cuenca","status":"publish","type":"post","link":"https:\/\/www.ambienteyenergia.gob.ec\/ambiente\/pacc-realiza-intercambio-de-experiencias-con-estudiantes-de-la-espol-en-cuenca\/","title":{"rendered":"PACC realiza intercambio de experiencias con estudiantes de la ESPOL en Cuenca"},"content":{"rendered":"<p style=\"text-align: justify;\">El Proyecto de Adaptaci\u00f3n al Cambio Clim\u00e1tico, a trav\u00e9s de una efectiva gobernabilidad del agua en el Ecuador PACC del Ministerio del Ambiente, realiz\u00f3 en d\u00edas pasados un recorrido por los reservorios de agua construidos en conjunto con la Junta Parroquial de San Bartolom\u00e9, cant\u00f3n S\u00edgsig, en Azuay.<\/p>\n<p style=\"text-align: justify;\">Este recorrido se desarroll\u00f3 con\u00a0\u00a0estudiantes de la Escuela Superior Polit\u00e9cnica del Litoral, como parte de su formaci\u00f3n acad\u00e9mica. Las y los estudiantes tuvieron la oportunidad de conocer de cerca las percepciones de los beneficiarios y el impacto de las medidas de adaptaci\u00f3n implementadas en la zona.<\/p>\n<p style=\"text-align: justify;\">El principal objetivo de esta actividad fue realizar diferentes\u00a0visitas t\u00e9cnicas, con el fin de difundir los resultados del proyecto, as\u00ed como recoger las sugerencias y aportes de otros actores para mejorar la gesti\u00f3n de las iniciativas en territorio.<\/p>\n<p style=\"text-align: justify;\"><strong>El dato<\/strong><\/p>\n<p style=\"text-align: justify;\">El Ministerio del Ambiente y el Programa de las Naciones Unidas para el Desarrollo, ejecutan el proyecto PACC, a fin de disminuir la vulnerabilidad ante los efectos del cambio clim\u00e1tico de la Parroquia de\u00a0 San Bartolom\u00e9 se firm\u00f3 un convenio de cooperaci\u00f3n interinstitucional que ha beneficiado a cerca de 120 familias de la zona.<\/p>\n<p style=\"text-align: justify;\">El\u00a03 de septiembre\u00a0del 2010, el GADP de San Bartolom\u00e9 suscribi\u00f3 un convenio interinstitucional con el Ministerio del Ambiente para aplicar medidas de adaptaci\u00f3n al cambio clim\u00e1tico debido a los amplios per\u00edodos de sequ\u00eda que enfrentan sus pobladores y que est\u00e1n relacionados con el reciclaje y almacenado de aguas lluvias.\/ss-ds<\/p>\n<p style=\"text-align: justify;\">\n","protected":false},"excerpt":{"rendered":"<p class=\"excerpt\">El Proyecto de Adaptaci\u00f3n al Cambio Clim\u00e1tico, a trav\u00e9s de una efectiva gobernabilidad del agua en el Ecuador PACC del Ministerio del Ambiente, realiz\u00f3 en d\u00edas pasados un recorrido por los reservorios de agua construidos en conjunto con la Junta Parroquial de San Bartolom\u00e9, cant\u00f3n S\u00edgsig, en Azuay. Este recorrido se desarroll\u00f3 con\u00a0\u00a0estudiantes de la Escuela Superior Polit\u00e9cnica del Litoral,&hellip; <a href=\"https:\/\/www.ambienteyenergia.gob.ec\/ambiente\/pacc-realiza-intercambio-de-experiencias-con-estudiantes-de-la-espol-en-cuenca\/\">Read more &rarr;<\/a><\/p>\n","protected":false},"author":13,"featured_media":23714,"comment_status":"open","ping_status":"open","sticky":false,"template":"","format":"standard","meta":{"footnotes":""},"categories":[16,4],"tags":[387],"class_list":["post-23711","post","type-post","status-publish","format-standard","has-post-thumbnail","hentry","category-comunicamos","category-noticias","tag-mae-lorena-tapia","xfolkentry"],"_links":{"self":[{"href":"https:\/\/www.ambienteyenergia.gob.ec\/ambiente\/wp-json\/wp\/v2\/posts\/23711","targetHints":{"allow":["GET"]}}],"collection":[{"href":"https:\/\/www.ambienteyenergia.gob.ec\/ambiente\/wp-json\/wp\/v2\/posts"}],"about":[{"href":"https:\/\/www.ambienteyenergia.gob.ec\/ambiente\/wp-json\/wp\/v2\/types\/post"}],"author":[{"embeddable":true,"href":"https:\/\/www.ambienteyenergia.gob.ec\/ambiente\/wp-json\/wp\/v2\/users\/13"}],"replies":[{"embeddable":true,"href":"https:\/\/www.ambienteyenergia.gob.ec\/ambiente\/wp-json\/wp\/v2\/comments?post=23711"}],"version-history":[{"count":0,"href":"https:\/\/www.ambienteyenergia.gob.ec\/ambiente\/wp-json\/wp\/v2\/posts\/23711\/revisions"}],"wp:featuredmedia":[{"embeddable":true,"href":"https:\/\/www.ambienteyenergia.gob.ec\/ambiente\/wp-json\/wp\/v2\/media\/23714"}],"wp:attachment":[{"href":"https:\/\/www.ambienteyenergia.gob.ec\/ambiente\/wp-json\/wp\/v2\/media?parent=23711"}],"wp:term":[{"taxonomy":"category","embeddable":true,"href":"https:\/\/www.ambienteyenergia.gob.ec\/ambiente\/wp-json\/wp\/v2\/categories?post=23711"},{"taxonomy":"post_tag","embeddable":true,"href":"https:\/\/www.ambienteyenergia.gob.ec\/ambiente\/wp-json\/wp\/v2\/tags?post=23711"}],"curies":[{"name":"wp","href":"https:\/\/api.w.org\/{rel}","templated":true}]}}