{"id":23704,"date":"2014-12-08T10:25:09","date_gmt":"2014-12-08T15:25:09","guid":{"rendered":"http:\/\/www.ambiente.gob.ec\/?p=23704"},"modified":"2014-12-08T10:25:09","modified_gmt":"2014-12-08T15:25:09","slug":"pras-participa-en-la-construccion-de-un-plan-para-la-ratificacion-del-convenio-de-minamata-sobre-el-mercurio-en-japon","status":"publish","type":"post","link":"https:\/\/www.ambienteyenergia.gob.ec\/ambiente\/pras-participa-en-la-construccion-de-un-plan-para-la-ratificacion-del-convenio-de-minamata-sobre-el-mercurio-en-japon\/","title":{"rendered":"PRAS participa en la construcci\u00f3n de un plan para la ratificaci\u00f3n del Convenio de Minamata sobre el mercurio en Jap\u00f3n"},"content":{"rendered":"<p style=\"text-align: justify;\">El Gerente\u00a0 del Programa de Reparaci\u00f3n Ambiental y Social, Ignacio Mart\u00ednez, en representaci\u00f3n del Ministerio del Ambiente y como \u00fanico delegado del Ecuador, est\u00e1 participando en el evento \u201cConstrucci\u00f3n de capacidades para la ratificaci\u00f3n del Convenio de Minamata sobre el mercurio\u201d que se desarrolla en cuatro ciudades de Jap\u00f3n: Kitakyusho, Kumamoto, Minamata y Tokyo.<\/p>\n<p style=\"text-align: justify;\">Este encuentro al que tambi\u00e9n asisten representantes de Brasil, China, Islas Cook, Islas Salomon, Tailandia \u00a0y Kenia tiene como objetivo desarrollar el suficiente conocimiento por parte de los participantes para que puedan promover cambios legislativos en sus pa\u00edses y as\u00ed ratificar el Convenio de Minamata, a trav\u00e9s de la implementaci\u00f3n de un Plan de Acci\u00f3n por cada pa\u00eds.<\/p>\n<p style=\"text-align: justify;\">A m\u00e1s de las conferencias oficiales, se realizan visitas de campo y se escuchan testimonios sobre la \u201cenfermedad de Minamata\u201d, para comprender y reflexionar sobre las implicaciones nefastas que tiene la presencia del mercurio como contaminante en el ambiente, sobre todo en la cadena alimenticia. As\u00ed mismo, se est\u00e1n conociendo los esfuerzos que \u00a0hace Jap\u00f3n para reducir el uso del mercurio en diferentes productos industriales y dom\u00e9sticos, as\u00ed como en proceso productivos.<\/p>\n<p style=\"text-align: justify;\">La cita que se lleva a cabo desde el 26 de noviembre y se extiende hasta el 18 de diciembre,\u00a0 es organizada por la Agencia de Cooperaci\u00f3n Internacional del Jap\u00f3n (JICA) y cuenta con la participaci\u00f3n de la Prefectura de Kumamoto, la Municipalidad de Minamata, la NGO Soshisho y la Universidad Kumamoto.<\/p>\n<p style=\"text-align: justify;\">En octubre de 2013, en la ciudad de Kumamoto se celebr\u00f3 la Conferencia de Plenipotenciarios sobre el Convenio de Minamata sobre Mercurio. En esa ocasi\u00f3n, la Ministra del Ambiente, Lorena Tapia, lider\u00f3 la comitiva que represent\u00f3 al Ecuador durante la adopci\u00f3n y firma del convenio.<\/p>\n<p style=\"text-align: justify;\">Para el Ecuador la firma del Convenio de Minamata es una evidencia de que el Ministerio del Ambiente (MAE) est\u00e1 comprometido con la promoci\u00f3n de pol\u00edticas p\u00fablicas para proteger a sus habitantes, siguiendo los lineamientos del Plan Nacional para el Buen Vivir. En este sentido, el MAE trabaja desde varios frentes para eliminar el uso del mercurio. La acci\u00f3n m\u00e1s destacada es la prohibici\u00f3n del uso del mercurio en la miner\u00eda, que fue posible a partir de la reforma a la Ley de Miner\u00eda, realizada el a\u00f1o anterior.<\/p>\n","protected":false},"excerpt":{"rendered":"<p class=\"excerpt\">El Gerente\u00a0 del Programa de Reparaci\u00f3n Ambiental y Social, Ignacio Mart\u00ednez, en representaci\u00f3n del Ministerio del Ambiente y como \u00fanico delegado del Ecuador, est\u00e1 participando en el evento \u201cConstrucci\u00f3n de capacidades para la ratificaci\u00f3n del Convenio de Minamata sobre el mercurio\u201d que se desarrolla en cuatro ciudades de Jap\u00f3n: Kitakyusho, Kumamoto, Minamata y Tokyo. Este encuentro al que tambi\u00e9n asisten&hellip; <a href=\"https:\/\/www.ambienteyenergia.gob.ec\/ambiente\/pras-participa-en-la-construccion-de-un-plan-para-la-ratificacion-del-convenio-de-minamata-sobre-el-mercurio-en-japon\/\">Read more &rarr;<\/a><\/p>\n","protected":false},"author":13,"featured_media":23705,"comment_status":"open","ping_status":"open","sticky":false,"template":"","format":"standard","meta":{"footnotes":""},"categories":[16,4],"tags":[387],"class_list":["post-23704","post","type-post","status-publish","format-standard","has-post-thumbnail","hentry","category-comunicamos","category-noticias","tag-mae-lorena-tapia","xfolkentry"],"_links":{"self":[{"href":"https:\/\/www.ambienteyenergia.gob.ec\/ambiente\/wp-json\/wp\/v2\/posts\/23704","targetHints":{"allow":["GET"]}}],"collection":[{"href":"https:\/\/www.ambienteyenergia.gob.ec\/ambiente\/wp-json\/wp\/v2\/posts"}],"about":[{"href":"https:\/\/www.ambienteyenergia.gob.ec\/ambiente\/wp-json\/wp\/v2\/types\/post"}],"author":[{"embeddable":true,"href":"https:\/\/www.ambienteyenergia.gob.ec\/ambiente\/wp-json\/wp\/v2\/users\/13"}],"replies":[{"embeddable":true,"href":"https:\/\/www.ambienteyenergia.gob.ec\/ambiente\/wp-json\/wp\/v2\/comments?post=23704"}],"version-history":[{"count":0,"href":"https:\/\/www.ambienteyenergia.gob.ec\/ambiente\/wp-json\/wp\/v2\/posts\/23704\/revisions"}],"wp:featuredmedia":[{"embeddable":true,"href":"https:\/\/www.ambienteyenergia.gob.ec\/ambiente\/wp-json\/wp\/v2\/media\/23705"}],"wp:attachment":[{"href":"https:\/\/www.ambienteyenergia.gob.ec\/ambiente\/wp-json\/wp\/v2\/media?parent=23704"}],"wp:term":[{"taxonomy":"category","embeddable":true,"href":"https:\/\/www.ambienteyenergia.gob.ec\/ambiente\/wp-json\/wp\/v2\/categories?post=23704"},{"taxonomy":"post_tag","embeddable":true,"href":"https:\/\/www.ambienteyenergia.gob.ec\/ambiente\/wp-json\/wp\/v2\/tags?post=23704"}],"curies":[{"name":"wp","href":"https:\/\/api.w.org\/{rel}","templated":true}]}}