{"id":23694,"date":"2014-12-08T08:20:43","date_gmt":"2014-12-08T13:20:43","guid":{"rendered":"http:\/\/www.ambiente.gob.ec\/?p=23694"},"modified":"2014-12-09T16:55:10","modified_gmt":"2014-12-09T21:55:10","slug":"latinoamerica-y-el-caribe-restauraran-20mlls-de-hectareas-hacia-el-2020","status":"publish","type":"post","link":"https:\/\/www.ambienteyenergia.gob.ec\/ambiente\/latinoamerica-y-el-caribe-restauraran-20mlls-de-hectareas-hacia-el-2020\/","title":{"rendered":"Ecuador espera reducir tasa de deforestaci\u00f3n a CERO para el 2017"},"content":{"rendered":"<p style=\"text-align: center;\">\n<ul style=\"text-align: justify;\">\n<li><em>Ministra de Ambiente de Ecuador (MEA), Lorena Tapia, ratifica compromiso para restaurar 500 mil hect\u00e1reas de tierras para el periodo 2014 \u2013 2017<\/em><\/li>\n<li>Los diferentes programas del Plan Nacional de Reforestaci\u00f3n son financiados \u00edntegramente por el gobierno ecuatoriano<\/li>\n<li><em>Ecuador ha sido el primer pa\u00eds en el mundo, que en el marco de su Constituci\u00f3n \u00a0Pol\u00edtica reconoce el derecho de la naturaleza<\/em><\/li>\n<li><em>Las ambiciones anunciadas en la Iniciativa 20 x 20 t<\/em>ambi\u00e9n contribuir\u00e1n al Reto de Bonn, la meta global de llevar\u00a0<em>a 150 millones de hect\u00e1reas de tierra degradada a la restauraci\u00f3n para 2020.<\/em><\/li>\n<\/ul>\n<p style=\"text-align: justify;\"><strong>Lima, 08 de diciembre de 2014.-\u00a0<\/strong>Ecuador se encuentra trabajando en la restauraci\u00f3n de \u00e1reas bajo el Programa Nacional de Restauraci\u00f3n forestal con fines de conservaci\u00f3n ambiental, protecci\u00f3n de cuencas hidrogr\u00e1ficas y beneficios alternos, con el prop\u00f3sito de llegar a una tasa de deforestaci\u00f3n cero y restaurar medio mill\u00f3n de hect\u00e1reas al 2017. Esto lo explic\u00f3 la Ministra del Ambiente del Ecuador, Lorena Tapia, hoy en la presentaci\u00f3n de la Iniciativa 20&#215;20 presentada \u00a0por los pa\u00edses de Latinoam\u00e9rica y el Caribe, en el marco de la COP20.<\/p>\n<p style=\"text-align: justify;\"><em>\u201cLa meta de las 500 mil hect\u00e1reas (ha) es una cifra importante para Ecuador. Primero por su superficie y segundo porque compensa la tasa de deforestaci\u00f3n. El comportamiento de la tasa de deforestaci\u00f3n en el pa\u00eds es de 55 mil ha por a\u00f1o, lo que implica que al 2017 deber\u00edamos alcanzar 220 mil ha; sin embargo, nos hemos querido trazar un mayor reto y alcanzaremos una tasa de deforestaci\u00f3n CERO. Por lo pronto, durante el primer a\u00f1o de ejecuci\u00f3n ya hemos conseguido restaurar m\u00e1s de 100 mil hect\u00e1reas, logrando as\u00ed cumplir con la meta del 2014\u201d,\u00a0<\/em>asegur\u00f3 Lorena Tapia, Ministra del Ambiente de Ecuador.<\/p>\n<p style=\"text-align: justify;\">El Plan Nacional de Restauraci\u00f3n de Ecuador ha restaurado hasta la fecha m\u00e1s de 100 mil hect\u00e1reas en el primer a\u00f1o de implementaci\u00f3n. Asimismo, cabe resaltar que el Plan Nacional de Reforestaci\u00f3n es financiado \u00edntegramente por el gobierno ecuatoriano, lo cual permite no depender de financiamientos externos y ratifica el amplio compromiso del Ecuador en el cuidado ambiental.<\/p>\n<p style=\"text-align: justify;\">Como pol\u00edtica integral de Gobierno, Ecuador tiene una herramienta que indica qu\u00e9 se conserva en el pa\u00eds, a cargo del Ministerio del Ambiente, y otra de frontera agr\u00edcola, en manos del Ministerio de Agricultura, que se\u00f1ala qu\u00e9 se debe usar para fines productivos.<\/p>\n<p style=\"text-align: justify;\">Ecuador es el primer pa\u00eds en el mundo, que en el marco de una Constituci\u00f3n Pol\u00edtica ha reconocido los derechos de la naturaleza, esto implica que desde el Gobierno se realicen reformas institucionales y se prioricen las pol\u00edticas p\u00fablicas en temas ambientales.<\/p>\n<p style=\"text-align: justify;\">Las ambiciones anunciadas en la Iniciativa 20&#215;20 tambi\u00e9n contribuir\u00e1n al Reto de Bonn, la meta global para restaurar 150 millones de hect\u00e1reas de tierras degradadas. En este sentido, Ecuador, junto con pa\u00edses como Per\u00fa, M\u00e9xico, Guatemala, Colombia, Chile y Costa Rica, as\u00ed como con los Programas Regionales \u201cConservaci\u00f3n Patag\u00f3nica\u201d y Programa Regional \u201cBosques Modelo\u201d, esperan contribuir con alrededor de 20 millones de hect\u00e1reas.<\/p>\n<p><strong><em>Para mayor informaci\u00f3n de la prensa en Per\u00fa comunicarse con<\/em><\/strong><\/p>\n<p><em>Nami C\u00e1rdenas (<\/em><a href=\"mailto:ncardenas@llorenteycuenca.com\"><em>ncardenas@llorenteycuenca.com<\/em><\/a><em>) 99753114<\/em><\/p>\n<p><em>Sandra Ortiz (<\/em><a href=\"mailto:sortiz@llorenteycuenca.com\"><em>sortiz@llorenteycuenca.com<\/em><\/a><em>) 987519186<\/em><\/p>\n<p>&nbsp;<\/p>\n","protected":false},"excerpt":{"rendered":"<p class=\"excerpt\">Ministra de Ambiente de Ecuador (MEA), Lorena Tapia, ratifica compromiso para restaurar 500 mil hect\u00e1reas de tierras para el periodo 2014 \u2013 2017 Los diferentes programas del Plan Nacional de Reforestaci\u00f3n son financiados \u00edntegramente por el gobierno ecuatoriano Ecuador ha sido el primer pa\u00eds en el mundo, que en el marco de su Constituci\u00f3n \u00a0Pol\u00edtica reconoce el derecho de la&hellip; <a href=\"https:\/\/www.ambienteyenergia.gob.ec\/ambiente\/latinoamerica-y-el-caribe-restauraran-20mlls-de-hectareas-hacia-el-2020\/\">Read more &rarr;<\/a><\/p>\n","protected":false},"author":13,"featured_media":23214,"comment_status":"open","ping_status":"open","sticky":false,"template":"","format":"standard","meta":{"footnotes":""},"categories":[16,4],"tags":[573,387],"class_list":["post-23694","post","type-post","status-publish","format-standard","has-post-thumbnail","hentry","category-comunicamos","category-noticias","tag-cop20","tag-mae-lorena-tapia","xfolkentry"],"_links":{"self":[{"href":"https:\/\/www.ambienteyenergia.gob.ec\/ambiente\/wp-json\/wp\/v2\/posts\/23694","targetHints":{"allow":["GET"]}}],"collection":[{"href":"https:\/\/www.ambienteyenergia.gob.ec\/ambiente\/wp-json\/wp\/v2\/posts"}],"about":[{"href":"https:\/\/www.ambienteyenergia.gob.ec\/ambiente\/wp-json\/wp\/v2\/types\/post"}],"author":[{"embeddable":true,"href":"https:\/\/www.ambienteyenergia.gob.ec\/ambiente\/wp-json\/wp\/v2\/users\/13"}],"replies":[{"embeddable":true,"href":"https:\/\/www.ambienteyenergia.gob.ec\/ambiente\/wp-json\/wp\/v2\/comments?post=23694"}],"version-history":[{"count":0,"href":"https:\/\/www.ambienteyenergia.gob.ec\/ambiente\/wp-json\/wp\/v2\/posts\/23694\/revisions"}],"wp:featuredmedia":[{"embeddable":true,"href":"https:\/\/www.ambienteyenergia.gob.ec\/ambiente\/wp-json\/wp\/v2\/media\/23214"}],"wp:attachment":[{"href":"https:\/\/www.ambienteyenergia.gob.ec\/ambiente\/wp-json\/wp\/v2\/media?parent=23694"}],"wp:term":[{"taxonomy":"category","embeddable":true,"href":"https:\/\/www.ambienteyenergia.gob.ec\/ambiente\/wp-json\/wp\/v2\/categories?post=23694"},{"taxonomy":"post_tag","embeddable":true,"href":"https:\/\/www.ambienteyenergia.gob.ec\/ambiente\/wp-json\/wp\/v2\/tags?post=23694"}],"curies":[{"name":"wp","href":"https:\/\/api.w.org\/{rel}","templated":true}]}}