{"id":23691,"date":"2014-12-08T08:13:40","date_gmt":"2014-12-08T13:13:40","guid":{"rendered":"http:\/\/www.ambiente.gob.ec\/?p=23691"},"modified":"2014-12-08T09:56:36","modified_gmt":"2014-12-08T14:56:36","slug":"mae-y-servicio-civil-ciudadano-elaboraron-un-pesebre-ecologico-en-chimborazo","status":"publish","type":"post","link":"https:\/\/www.ambienteyenergia.gob.ec\/ambiente\/mae-y-servicio-civil-ciudadano-elaboraron-un-pesebre-ecologico-en-chimborazo\/","title":{"rendered":"MAE y Servicio Civil Ciudadano elaboraron un pesebre ecol\u00f3gico en Chimborazo"},"content":{"rendered":"<p>El Ministerio del Ambiente (MAE), a trav\u00e9s de la Direcci\u00f3n Provincial de Chimborazo y\u00a0 j\u00f3venes del Proyecto Servicio Civil Ciudadano (SCC) elaboraron pesebres ecol\u00f3gicos junto a estudiantes de la Unidad Educativa Cicalpa ubicada en el cant\u00f3n Colta.<\/p>\n<p>Esta actividad de educaci\u00f3n ambiental fue desarrollada con el objetivo de\u00a0 concienciar a 500 estudiantes de la escuela Cicalpa sobre la protecci\u00f3n del musgo, adem\u00e1s de incentivar el uso de adornos navide\u00f1os realizados con material reciclado como botellas pl\u00e1sticas, cart\u00f3n, papel peri\u00f3dico, yute, hojas de choclo, piedras, tapas de envases, madera, piola, entre otros.<\/p>\n<p>Milton Pucha, representante de la Unidad Educativa dio la bienvenida y agradeci\u00f3 a todo el personal del MAE y j\u00f3venes del SCC por su presencia, adem\u00e1s felicit\u00f3 toda la gesti\u00f3n del MAE en la provincia.<\/p>\n<p>\u201cTenemos que hacer conciencia, el planeta en estos momentos requiere mucho cuidado, una alternativa para cuidar el ambiente es trabajar con material reciclado y evitar el uso del musgo para conservar los ecosistemas que son importantes para nuestras vidas\u201d, expres\u00f3\u00a0 Milton Pucha.<\/p>\n<p>Con un mensaje de conservaci\u00f3n, protecci\u00f3n e importancia de los musgos fue necesario dividir a los 500 estudiantes en 8 grupos de trabajo, los mismos que fueron dirigidos por funcionarios del MAE y participantes del Servicio Civil Ciudadano.<\/p>\n<p>El Ministerio del Ambiente del Ecuador a trav\u00e9s de esta actividad dirigida a estudiantes de establecimientos educativos, busca concienciar a la poblaci\u00f3n sobre la importancia de los recursos naturales en el Ecuador.\/hc-ds<\/p>\n","protected":false},"excerpt":{"rendered":"<p class=\"excerpt\">El Ministerio del Ambiente (MAE), a trav\u00e9s de la Direcci\u00f3n Provincial de Chimborazo y\u00a0 j\u00f3venes del Proyecto Servicio Civil Ciudadano (SCC) elaboraron pesebres ecol\u00f3gicos junto a estudiantes de la Unidad Educativa Cicalpa ubicada en el cant\u00f3n Colta. Esta actividad de educaci\u00f3n ambiental fue desarrollada con el objetivo de\u00a0 concienciar a 500 estudiantes de la escuela Cicalpa sobre la protecci\u00f3n del&hellip; <a href=\"https:\/\/www.ambienteyenergia.gob.ec\/ambiente\/mae-y-servicio-civil-ciudadano-elaboraron-un-pesebre-ecologico-en-chimborazo\/\">Read more &rarr;<\/a><\/p>\n","protected":false},"author":13,"featured_media":23692,"comment_status":"open","ping_status":"open","sticky":false,"template":"","format":"standard","meta":{"footnotes":""},"categories":[16,4],"tags":[577,108,53,176,586],"class_list":["post-23691","post","type-post","status-publish","format-standard","has-post-thumbnail","hentry","category-comunicamos","category-noticias","tag-campana","tag-lorena-tapia","tag-mae","tag-musgo","tag-navidad-ecologica","xfolkentry"],"_links":{"self":[{"href":"https:\/\/www.ambienteyenergia.gob.ec\/ambiente\/wp-json\/wp\/v2\/posts\/23691","targetHints":{"allow":["GET"]}}],"collection":[{"href":"https:\/\/www.ambienteyenergia.gob.ec\/ambiente\/wp-json\/wp\/v2\/posts"}],"about":[{"href":"https:\/\/www.ambienteyenergia.gob.ec\/ambiente\/wp-json\/wp\/v2\/types\/post"}],"author":[{"embeddable":true,"href":"https:\/\/www.ambienteyenergia.gob.ec\/ambiente\/wp-json\/wp\/v2\/users\/13"}],"replies":[{"embeddable":true,"href":"https:\/\/www.ambienteyenergia.gob.ec\/ambiente\/wp-json\/wp\/v2\/comments?post=23691"}],"version-history":[{"count":0,"href":"https:\/\/www.ambienteyenergia.gob.ec\/ambiente\/wp-json\/wp\/v2\/posts\/23691\/revisions"}],"wp:featuredmedia":[{"embeddable":true,"href":"https:\/\/www.ambienteyenergia.gob.ec\/ambiente\/wp-json\/wp\/v2\/media\/23692"}],"wp:attachment":[{"href":"https:\/\/www.ambienteyenergia.gob.ec\/ambiente\/wp-json\/wp\/v2\/media?parent=23691"}],"wp:term":[{"taxonomy":"category","embeddable":true,"href":"https:\/\/www.ambienteyenergia.gob.ec\/ambiente\/wp-json\/wp\/v2\/categories?post=23691"},{"taxonomy":"post_tag","embeddable":true,"href":"https:\/\/www.ambienteyenergia.gob.ec\/ambiente\/wp-json\/wp\/v2\/tags?post=23691"}],"curies":[{"name":"wp","href":"https:\/\/api.w.org\/{rel}","templated":true}]}}