{"id":23685,"date":"2014-12-05T13:16:59","date_gmt":"2014-12-05T18:16:59","guid":{"rendered":"http:\/\/www.ambiente.gob.ec\/?p=23685"},"modified":"2014-12-05T16:22:26","modified_gmt":"2014-12-05T21:22:26","slug":"un-centro-de-interpretacion-para-la-conservacion-y-desarrollo-sostenible","status":"publish","type":"post","link":"https:\/\/www.ambienteyenergia.gob.ec\/ambiente\/un-centro-de-interpretacion-para-la-conservacion-y-desarrollo-sostenible\/","title":{"rendered":"Un Centro de Interpretaci\u00f3n para la conservaci\u00f3n y desarrollo sostenible"},"content":{"rendered":"<p style=\"text-align: justify;\">El pasado 4 de diciembre, se realiz\u00f3 el evento de presentaci\u00f3n de los avances para el Centro de Interpretaci\u00f3n, Comercializaci\u00f3n y Operaci\u00f3n Tur\u00edstica (CICOP) para la Corporaci\u00f3n Nacional de Bosques y Reservas Privadas del Ecuador (CNBRPE), como actividad fundamental para la sostenibilidad financiera de las \u00e1reas de conservaci\u00f3n privadas, apoyada por el Ministerio del Ambiente a trav\u00e9s del Proyecto de Sostenibilidad Financiera para el Sistema Nacional de \u00c1reas Protegidas.<\/p>\n<p style=\"text-align: justify;\">En el encuentro, se realizaron varias presentaciones que explicaron los avances en la\u00a0 adquisici\u00f3n del terreno, su legalizaci\u00f3n, el proyecto arquitect\u00f3nico para la construcci\u00f3n con materiales ambientales (ca\u00f1a guadua), as\u00ed como el modelo de gesti\u00f3n participativo y, principalmente los objetivos de conservaci\u00f3n que ser\u00e1n apoyados a trav\u00e9s de este Centro.<\/p>\n<p style=\"text-align: justify;\">\u201cGracias a las alianzas estrat\u00e9gicas con el Estado y la cooperaci\u00f3n internacional, hemos logrado resultados concretos y, estamos seguros que el trabajo, dar\u00e1 la pauta para la estructuraci\u00f3n del subsistema de \u00e1reas protegidas privadas como parte fundamental del Sistema Nacional de \u00c1reas Protegidas del Ecuador, de acuerdo a la Constituci\u00f3n ecuatoriana.\u201d, afirm\u00f3 el presidente de la CNBRPE.<\/p>\n<p style=\"text-align: justify;\">En su intervenci\u00f3n, Gabriel Jaramillo de PNUD, resalt\u00f3 el inter\u00e9s de la cooperaci\u00f3n por el fortalecimiento de las organizaciones de la sociedad civil como actores fundamentales, \u201cestamos seguros que el CICOP, abrir\u00e1 nuevos convenios y alianzas estrat\u00e9gicas para fortalecer las v\u00edas de desarrollo humano sostenible de las comunidades que trabajan d\u00eda a d\u00eda en la preservaci\u00f3n de los bosques, de la biodiversidad, de los ecosistemas\u201d, afirm\u00f3.<\/p>\n<p style=\"text-align: justify;\">Oswaldo Haro, miembro fundador de la Corporaci\u00f3n coment\u00f3 su experiencia de m\u00e1s de 30 a\u00f1os en la protecci\u00f3n y cuidado de la naturaleza, \u201camo la biodiversidad, los \u00e1rboles, el campo m\u00e1s que a mi familia. El d\u00eda que me muera quiero que mis cenizas sean colocadas en el \u00e1rbol m\u00e1s grande que he podido plantar\u201d dijo y, explic\u00f3 sobre el potencial que genera el CICOP para apoyar en las actividades de la comunidad.<\/p>\n<p style=\"text-align: justify;\">El CICOP busca impulsar la comercializaci\u00f3n y difusi\u00f3n de las buenas pr\u00e1cticas en turismo sostenible y de agroecolog\u00eda en las \u00e1reas de conservaci\u00f3n privadas que impulsen la productividad en base al equilibro con el ambiente.<\/p>\n<p style=\"text-align: justify;\">Para conocer c\u00f3mo ser\u00e1 el CICOP visite: <a href=\"http:\/\/www.yuotube.com\/user\/psfecuador\">www.yuotube.com\/user\/psfecuador<\/a><\/p>\n<p style=\"text-align: justify;\">PG.<\/p>\n<p style=\"text-align: justify;\">\n","protected":false},"excerpt":{"rendered":"<p class=\"excerpt\">El pasado 4 de diciembre, se realiz\u00f3 el evento de presentaci\u00f3n de los avances para el Centro de Interpretaci\u00f3n, Comercializaci\u00f3n y Operaci\u00f3n Tur\u00edstica (CICOP) para la Corporaci\u00f3n Nacional de Bosques y Reservas Privadas del Ecuador (CNBRPE), como actividad fundamental para la sostenibilidad financiera de las \u00e1reas de conservaci\u00f3n privadas, apoyada por el Ministerio del Ambiente a trav\u00e9s del Proyecto de&hellip; <a href=\"https:\/\/www.ambienteyenergia.gob.ec\/ambiente\/un-centro-de-interpretacion-para-la-conservacion-y-desarrollo-sostenible\/\">Read more &rarr;<\/a><\/p>\n","protected":false},"author":13,"featured_media":23686,"comment_status":"open","ping_status":"open","sticky":false,"template":"","format":"standard","meta":{"footnotes":""},"categories":[16,4],"tags":[387],"class_list":["post-23685","post","type-post","status-publish","format-standard","has-post-thumbnail","hentry","category-comunicamos","category-noticias","tag-mae-lorena-tapia","xfolkentry"],"_links":{"self":[{"href":"https:\/\/www.ambienteyenergia.gob.ec\/ambiente\/wp-json\/wp\/v2\/posts\/23685","targetHints":{"allow":["GET"]}}],"collection":[{"href":"https:\/\/www.ambienteyenergia.gob.ec\/ambiente\/wp-json\/wp\/v2\/posts"}],"about":[{"href":"https:\/\/www.ambienteyenergia.gob.ec\/ambiente\/wp-json\/wp\/v2\/types\/post"}],"author":[{"embeddable":true,"href":"https:\/\/www.ambienteyenergia.gob.ec\/ambiente\/wp-json\/wp\/v2\/users\/13"}],"replies":[{"embeddable":true,"href":"https:\/\/www.ambienteyenergia.gob.ec\/ambiente\/wp-json\/wp\/v2\/comments?post=23685"}],"version-history":[{"count":0,"href":"https:\/\/www.ambienteyenergia.gob.ec\/ambiente\/wp-json\/wp\/v2\/posts\/23685\/revisions"}],"wp:featuredmedia":[{"embeddable":true,"href":"https:\/\/www.ambienteyenergia.gob.ec\/ambiente\/wp-json\/wp\/v2\/media\/23686"}],"wp:attachment":[{"href":"https:\/\/www.ambienteyenergia.gob.ec\/ambiente\/wp-json\/wp\/v2\/media?parent=23685"}],"wp:term":[{"taxonomy":"category","embeddable":true,"href":"https:\/\/www.ambienteyenergia.gob.ec\/ambiente\/wp-json\/wp\/v2\/categories?post=23685"},{"taxonomy":"post_tag","embeddable":true,"href":"https:\/\/www.ambienteyenergia.gob.ec\/ambiente\/wp-json\/wp\/v2\/tags?post=23685"}],"curies":[{"name":"wp","href":"https:\/\/api.w.org\/{rel}","templated":true}]}}