{"id":23679,"date":"2014-12-05T11:10:08","date_gmt":"2014-12-05T16:10:08","guid":{"rendered":"http:\/\/www.ambiente.gob.ec\/?p=23679"},"modified":"2014-12-05T11:10:08","modified_gmt":"2014-12-05T16:10:08","slug":"gad-se-capacitaron-en-la-incorporacion-de-criterios-de-cambio-climatico-en-sus-pdot","status":"publish","type":"post","link":"https:\/\/www.ambienteyenergia.gob.ec\/ambiente\/gad-se-capacitaron-en-la-incorporacion-de-criterios-de-cambio-climatico-en-sus-pdot\/","title":{"rendered":"GAD se capacitaron en la incorporaci\u00f3n de criterios de cambio clim\u00e1tico en sus PDOT"},"content":{"rendered":"<p style=\"margin-right: 0.5cm; background: #ffffff;\" align=\"JUSTIFY\"><span style=\"font-family: Arial,sans-serif;\">El Consorcio de Gobiernos Provinciales del Ecuador (CONGOPE), en conjunto con la Subsecretar\u00eda de Cambio Clim\u00e1tico realiz\u00f3 el taller \u201cCapacitaci\u00f3n en el uso de la Gu\u00eda Explicativa para la aplicaci\u00f3n de los lineamientos para la inserci\u00f3n de la variable clim\u00e1tica en PDOT\u201d en la ciudad de Cuenca.<\/span><\/p>\n<p style=\"margin-right: 0.5cm; background: #ffffff;\" align=\"JUSTIFY\"><span style=\"font-family: Arial,sans-serif;\"><span lang=\"es-EC\">El objetivo del taller fue socializar la metodolog\u00eda de aplicaci\u00f3n de la Gu\u00eda Explicativa para la generaci\u00f3n de capacidades como forma de enfrentar la problem\u00e1tica del cambio clim\u00e1tico. Se trabaj\u00f3 en cada uno de los pasos que propone la Gu\u00eda a trav\u00e9s de grupos de trabajo con actores de diferentes GAD.<\/span><\/span><\/p>\n<p style=\"margin-right: 0.5cm; background: #ffffff;\" align=\"JUSTIFY\"><span style=\"font-family: Arial,sans-serif;\"><span lang=\"es-EC\"><b>Participaron en el taller:<\/b><\/span><\/span> <span style=\"font-family: Arial,sans-serif;\"><span lang=\"es-EC\">GAD Guayas, Esmeraldas, Morona Santiago, Azuay, Bol\u00edvar, Ca\u00f1ar, Los R\u00edos, El Oro, Chimborazo, Loja, Santa Elena, Orellana, Imbabura, Manab\u00ed, MAE Azuay, Subsecretar\u00eda de Cambio Clim\u00e1tico, Veco-Andino y CONGOPE.\/<\/span><\/span><span style=\"font-family: Arial,sans-serif;\"><span lang=\"es-EC\">ss-ds<\/span><\/span><\/p>\n","protected":false},"excerpt":{"rendered":"<p class=\"excerpt\">El Consorcio de Gobiernos Provinciales del Ecuador (CONGOPE), en conjunto con la Subsecretar\u00eda de Cambio Clim\u00e1tico realiz\u00f3 el taller \u201cCapacitaci\u00f3n en el uso de la Gu\u00eda Explicativa para la aplicaci\u00f3n de los lineamientos para la inserci\u00f3n de la variable clim\u00e1tica en PDOT\u201d en la ciudad de Cuenca. El objetivo del taller fue socializar la metodolog\u00eda de aplicaci\u00f3n de la Gu\u00eda&hellip; <a href=\"https:\/\/www.ambienteyenergia.gob.ec\/ambiente\/gad-se-capacitaron-en-la-incorporacion-de-criterios-de-cambio-climatico-en-sus-pdot\/\">Read more &rarr;<\/a><\/p>\n","protected":false},"author":13,"featured_media":23680,"comment_status":"open","ping_status":"open","sticky":false,"template":"","format":"standard","meta":{"footnotes":""},"categories":[16,4],"tags":[133,581,108,53,582],"class_list":["post-23679","post","type-post","status-publish","format-standard","has-post-thumbnail","hentry","category-comunicamos","category-noticias","tag-cambio-climatico","tag-gad","tag-lorena-tapia","tag-mae","tag-pdot","xfolkentry"],"_links":{"self":[{"href":"https:\/\/www.ambienteyenergia.gob.ec\/ambiente\/wp-json\/wp\/v2\/posts\/23679","targetHints":{"allow":["GET"]}}],"collection":[{"href":"https:\/\/www.ambienteyenergia.gob.ec\/ambiente\/wp-json\/wp\/v2\/posts"}],"about":[{"href":"https:\/\/www.ambienteyenergia.gob.ec\/ambiente\/wp-json\/wp\/v2\/types\/post"}],"author":[{"embeddable":true,"href":"https:\/\/www.ambienteyenergia.gob.ec\/ambiente\/wp-json\/wp\/v2\/users\/13"}],"replies":[{"embeddable":true,"href":"https:\/\/www.ambienteyenergia.gob.ec\/ambiente\/wp-json\/wp\/v2\/comments?post=23679"}],"version-history":[{"count":0,"href":"https:\/\/www.ambienteyenergia.gob.ec\/ambiente\/wp-json\/wp\/v2\/posts\/23679\/revisions"}],"wp:featuredmedia":[{"embeddable":true,"href":"https:\/\/www.ambienteyenergia.gob.ec\/ambiente\/wp-json\/wp\/v2\/media\/23680"}],"wp:attachment":[{"href":"https:\/\/www.ambienteyenergia.gob.ec\/ambiente\/wp-json\/wp\/v2\/media?parent=23679"}],"wp:term":[{"taxonomy":"category","embeddable":true,"href":"https:\/\/www.ambienteyenergia.gob.ec\/ambiente\/wp-json\/wp\/v2\/categories?post=23679"},{"taxonomy":"post_tag","embeddable":true,"href":"https:\/\/www.ambienteyenergia.gob.ec\/ambiente\/wp-json\/wp\/v2\/tags?post=23679"}],"curies":[{"name":"wp","href":"https:\/\/api.w.org\/{rel}","templated":true}]}}