{"id":23676,"date":"2014-12-05T10:43:22","date_gmt":"2014-12-05T15:43:22","guid":{"rendered":"http:\/\/www.ambiente.gob.ec\/?p=23676"},"modified":"2014-12-05T10:43:36","modified_gmt":"2014-12-05T15:43:36","slug":"mae-decomiso-1749m3-de-manera-ilegal-en-imbabura","status":"publish","type":"post","link":"https:\/\/www.ambienteyenergia.gob.ec\/ambiente\/mae-decomiso-1749m3-de-manera-ilegal-en-imbabura\/","title":{"rendered":"MAE decomis\u00f3 17,49m3 de manera ilegal en Imbabura"},"content":{"rendered":"<p class=\"western\" style=\"margin-bottom: 0.35cm; line-height: \uff96%;\" align=\"JUSTIFY\"><span style=\"font-family: Arial,sans-serif;\"><span style=\"font-size: medium;\">Gracias al trabajo conjunto entre el Ministerio del Ambiente de Ecuador (MAE), el Comando de Operaciones 1 Norte del Ej\u00e9rcito y la Unidad de Protecci\u00f3n de Medio Ambiente (UPMA) de la Polic\u00eda Nacional, se logr\u00f3 decomisar aproximadamente 17,49m<\/span><\/span><sup><span style=\"font-family: Arial,sans-serif;\"><span style=\"font-size: medium;\">3<\/span><\/span><\/sup><span style=\"font-family: Arial,sans-serif;\"><span style=\"font-size: medium;\"> de madera ilegal a la altura de la parroquia San Luis de Otavalo.<\/span><\/span><\/p>\n<p class=\"western\" style=\"margin-bottom: 0.35cm; line-height: \uff96%;\" align=\"JUSTIFY\"><span style=\"font-family: Arial,sans-serif;\"><span style=\"font-size: medium;\">Con el objetivo de disminuir el uso excesivo, la tala y el comercio ilegal de madera y productos forestales, el MAE ejecuta de forma permanente diferentes operativos de control de tr\u00e1fico de vida silvestre a nivel nacional.<\/span><\/span><\/p>\n<p class=\"western\" style=\"margin-bottom: 0.35cm; line-height: \uff96%;\" align=\"JUSTIFY\"><span style=\"font-family: Arial,sans-serif;\"><span style=\"font-size: medium;\">Es as\u00ed que, el <\/span><\/span><span style=\"font-family: Arial,sans-serif;\"><span style=\"font-size: medium;\">pasado mi\u00e9rcoles<\/span><\/span><span style=\"font-family: Arial,sans-serif;\"><span style=\"font-size: medium;\"> se realiz\u00f3 la retenci\u00f3n de un <\/span><\/span><span style=\"font-family: Arial,sans-serif;\"><span style=\"font-size: medium;\">v<\/span><\/span><span style=\"font-family: Arial,sans-serif;\"><span style=\"font-size: medium;\">eh\u00edculo que transportaba madera, <\/span><\/span><span style=\"font-family: Arial,sans-serif;\"><span style=\"font-size: medium;\">mismo que<\/span><\/span><span style=\"font-family: Arial,sans-serif;\"><span style=\"font-size: medium;\"> porta<\/span><\/span><span style=\"font-family: Arial,sans-serif;\"><span style=\"font-size: medium;\">ba<\/span><\/span><span style=\"font-family: Arial,sans-serif;\"><span style=\"font-size: medium;\"> una gu\u00eda de circulaci\u00f3n que no correspond\u00eda a la especie <\/span><\/span><span style=\"font-family: Arial,sans-serif;\"><span style=\"font-size: medium;\">forestal <\/span><\/span><span style=\"font-family: Arial,sans-serif;\"><span style=\"font-size: medium;\">registrada, adem\u00e1s <\/span><\/span><span style=\"font-family: Arial,sans-serif;\"><span style=\"font-size: medium;\">la <\/span><\/span><span style=\"font-family: Arial,sans-serif;\"><span style=\"font-size: medium;\">cantidad de madera que trasladaba <\/span><\/span><span style=\"font-family: Arial,sans-serif;\"><span style=\"font-size: medium;\">era superior a la que constaba en el documento<\/span><\/span><span style=\"font-family: Arial,sans-serif;\"><span style=\"font-size: medium;\">. <\/span><\/span><\/p>\n<p class=\"western\" style=\"margin-bottom: 0.35cm; line-height: \uff96%;\" align=\"JUSTIFY\"><span style=\"font-family: Arial,sans-serif;\"><span style=\"font-size: medium;\">La madera decomisada pertenec\u00eda a<\/span><\/span><span style=\"font-family: Arial,sans-serif;\"><span style=\"font-size: medium;\"> la especie forestal Pino, <\/span><\/span><span style=\"font-family: Arial,sans-serif;\"><span style=\"font-size: medium;\">y su <\/span><\/span><span style=\"font-family: Arial,sans-serif;\"><span style=\"font-size: medium;\">volumen <\/span><\/span><span style=\"font-family: Arial,sans-serif;\"><span style=\"font-size: medium;\">era <\/span><\/span><span style=\"font-family: Arial,sans-serif;\"><span style=\"font-size: medium;\">superior <\/span><\/span><span style=\"font-family: Arial,sans-serif;\"><span style=\"font-size: medium;\">a los 10,99m<\/span><\/span><sup><span style=\"font-family: Arial,sans-serif;\"><span style=\"font-size: medium;\">3 <\/span><\/span><\/sup><span style=\"font-family: Arial,sans-serif;\"><span style=\"font-size: medium;\">detallado<\/span><\/span><span style=\"font-family: Arial,sans-serif;\"><span style=\"font-size: medium;\">s<\/span><\/span><span style=\"font-family: Arial,sans-serif;\"><span style=\"font-size: medium;\"> en la gu\u00eda de remisi\u00f3n<\/span><\/span><span style=\"font-family: Arial,sans-serif;\"><span style=\"font-size: medium;\">.<\/span><\/span><\/p>\n<p class=\"western\" style=\"margin-bottom: 0.35cm; line-height: \uff96%;\" align=\"JUSTIFY\"><span style=\"font-family: Arial,sans-serif;\"><span style=\"font-size: medium;\">Con este antecedente se procedi\u00f3 a la retenci\u00f3n del veh\u00edculo y la madera que transportaba se encuentra en los patios de retenci\u00f3n vehicular Yuyucocha de la Polic\u00eda Nacional, <\/span><\/span><span style=\"font-family: Arial,sans-serif;\"><span style=\"font-size: medium;\">en cumplimiento al Art\u00edculo 57 <\/span><\/span><span style=\"font-family: Arial,sans-serif;\"><span style=\"font-size: medium;\">de la Normativa Ambiental vigente.<\/span><\/span><\/p>\n<p class=\"western\" style=\"margin-bottom: 0.35cm; line-height: \uff96%;\" align=\"JUSTIFY\"><span style=\"font-family: Arial,sans-serif;\"><span style=\"font-size: medium;\">Se espera en los pr\u00f3ximos d\u00edas realizar la debida verificaci\u00f3n del producto forestal para tomar las acciones pertinentes, de decomiso o de devoluci\u00f3n.\/<\/span><\/span><span style=\"font-family: Arial,sans-serif;\"><span style=\"font-size: medium;\">li-ds<\/span><\/span><\/p>\n","protected":false},"excerpt":{"rendered":"<p class=\"excerpt\">Gracias al trabajo conjunto entre el Ministerio del Ambiente de Ecuador (MAE), el Comando de Operaciones 1 Norte del Ej\u00e9rcito y la Unidad de Protecci\u00f3n de Medio Ambiente (UPMA) de la Polic\u00eda Nacional, se logr\u00f3 decomisar aproximadamente 17,49m3 de madera ilegal a la altura de la parroquia San Luis de Otavalo. Con el objetivo de disminuir el uso excesivo, la&hellip; <a href=\"https:\/\/www.ambienteyenergia.gob.ec\/ambiente\/mae-decomiso-1749m3-de-manera-ilegal-en-imbabura\/\">Read more &rarr;<\/a><\/p>\n","protected":false},"author":13,"featured_media":23677,"comment_status":"open","ping_status":"open","sticky":false,"template":"","format":"standard","meta":{"footnotes":""},"categories":[16,4],"tags":[429,108,337,53,580],"class_list":["post-23676","post","type-post","status-publish","format-standard","has-post-thumbnail","hentry","category-comunicamos","category-noticias","tag-decomiso-madera","tag-lorena-tapia","tag-madera","tag-mae","tag-trazabilidad","xfolkentry"],"_links":{"self":[{"href":"https:\/\/www.ambienteyenergia.gob.ec\/ambiente\/wp-json\/wp\/v2\/posts\/23676","targetHints":{"allow":["GET"]}}],"collection":[{"href":"https:\/\/www.ambienteyenergia.gob.ec\/ambiente\/wp-json\/wp\/v2\/posts"}],"about":[{"href":"https:\/\/www.ambienteyenergia.gob.ec\/ambiente\/wp-json\/wp\/v2\/types\/post"}],"author":[{"embeddable":true,"href":"https:\/\/www.ambienteyenergia.gob.ec\/ambiente\/wp-json\/wp\/v2\/users\/13"}],"replies":[{"embeddable":true,"href":"https:\/\/www.ambienteyenergia.gob.ec\/ambiente\/wp-json\/wp\/v2\/comments?post=23676"}],"version-history":[{"count":0,"href":"https:\/\/www.ambienteyenergia.gob.ec\/ambiente\/wp-json\/wp\/v2\/posts\/23676\/revisions"}],"wp:featuredmedia":[{"embeddable":true,"href":"https:\/\/www.ambienteyenergia.gob.ec\/ambiente\/wp-json\/wp\/v2\/media\/23677"}],"wp:attachment":[{"href":"https:\/\/www.ambienteyenergia.gob.ec\/ambiente\/wp-json\/wp\/v2\/media?parent=23676"}],"wp:term":[{"taxonomy":"category","embeddable":true,"href":"https:\/\/www.ambienteyenergia.gob.ec\/ambiente\/wp-json\/wp\/v2\/categories?post=23676"},{"taxonomy":"post_tag","embeddable":true,"href":"https:\/\/www.ambienteyenergia.gob.ec\/ambiente\/wp-json\/wp\/v2\/tags?post=23676"}],"curies":[{"name":"wp","href":"https:\/\/api.w.org\/{rel}","templated":true}]}}