{"id":23673,"date":"2014-12-04T16:40:22","date_gmt":"2014-12-04T21:40:22","guid":{"rendered":"http:\/\/www.ambiente.gob.ec\/?p=23673"},"modified":"2014-12-04T16:40:22","modified_gmt":"2014-12-04T21:40:22","slug":"mae-entrega-reconocimiento-ambiental-punto-verde-a-corporacion-gpf","status":"publish","type":"post","link":"https:\/\/www.ambienteyenergia.gob.ec\/ambiente\/mae-entrega-reconocimiento-ambiental-punto-verde-a-corporacion-gpf\/","title":{"rendered":"MAE entrega reconocimiento ambiental Punto Verde a Corporaci\u00f3n GPF"},"content":{"rendered":"<p style=\"text-align: justify;\">El Ministerio del Ambiente de Ecuador (MAE) entreg\u00f3 el reconocimiento ecuatoriano ambiental \u201cPunto Verde\u201d a la Corporaci\u00f3n GPF por la aplicaci\u00f3n de Buenas Pr\u00e1cticas Ambientales en sus procesos administrativos luego de realizar un an\u00e1lisis a los resultados ambientales conseguidos durante m\u00e1s de dos a\u00f1os de trabajo de esta Corporaci\u00f3n en las instalaciones de su Edificio Corporativo.<\/p>\n<p style=\"text-align: justify;\">\n<p style=\"text-align: justify;\">\u201cPunto Verde\u201d es una iniciativa ministerial dise\u00f1ada con el objetivo de promover en el sector p\u00fablico y privado el empleo de nuevas y mejores pr\u00e1cticas productivas y de servicios, y as\u00ed fomentar la competitividad de estos sectores econ\u00f3micos, comprometi\u00e9ndolos con la protecci\u00f3n y la conservaci\u00f3n del ambiente.<\/p>\n<p style=\"text-align: justify;\">\n<p style=\"text-align: justify;\">El reconocimiento a la Corporaci\u00f3n GPF se debe a la reducci\u00f3n de un 64,42% en el consumo de papel, un 24,84% del consumo del agua y 1,93% de combustible. Adem\u00e1s, este edificio corporativo cuenta con planes de clasificaci\u00f3n, almacenamiento y disposici\u00f3n final de residuos, implementadas con \u00e9xito gracias a su proyecto de difusi\u00f3n de buenas pr\u00e1cticas ambientales a nivel institucional.<\/p>\n<p style=\"text-align: justify;\">\n<p style=\"text-align: justify;\">La Ministra de Ambiente, Lorena Tapia N\u00fa\u00f1ez resalt\u00f3 el compromiso de la Corporaci\u00f3n GPF por emprender este tipo de iniciativas conjuntas, e invit\u00f3 a continuar con la implementaci\u00f3n de procesos m\u00e1s amigables con el ambiente. \u201cEste es el m\u00e1s claro testimonio de que el Ecuador est\u00e1 construyendo las bases para garantizar un desarrollo sostenible, as\u00ed como el Buen Vivir de las presentes y futuras generaciones\u201d, acot\u00f3.<\/p>\n<p style=\"text-align: justify;\">\n<p style=\"text-align: justify;\">Por su parte, el presidente de la Corporaci\u00f3n GPF, Luis Enrique Coloma, agradeci\u00f3 el reconocimiento ministerial a las labores efectuadas y puntualiz\u00f3 que se seguir\u00e1 trabajando para \u201cincorporar las mejores pr\u00e1cticas de sostenibilidad ambiental en los m\u00e1s de 600 puntos de venta a nivel nacional\u201d. Felicit\u00f3 tambi\u00e9n el trabajo coordinado del MAE con el sector privado porque eso contribuye, a la mejora del valor agregado que \u201cpodamos entregar a la sociedad\u201d, concluy\u00f3.<\/p>\n<p style=\"text-align: justify;\">\n<p style=\"text-align: justify;\">El MAE cumple de esta manera con promover en el sector empresarial el desempe\u00f1o de buenas pr\u00e1cticas ambientales, para as\u00ed garantizar el desarrollo de procesos de producci\u00f3n amigables con el ambiente.\/dd-ds<\/p>\n","protected":false},"excerpt":{"rendered":"<p class=\"excerpt\">El Ministerio del Ambiente de Ecuador (MAE) entreg\u00f3 el reconocimiento ecuatoriano ambiental \u201cPunto Verde\u201d a la Corporaci\u00f3n GPF por la aplicaci\u00f3n de Buenas Pr\u00e1cticas Ambientales en sus procesos administrativos luego de realizar un an\u00e1lisis a los resultados ambientales conseguidos durante m\u00e1s de dos a\u00f1os de trabajo de esta Corporaci\u00f3n en las instalaciones de su Edificio Corporativo. \u201cPunto Verde\u201d es una&hellip; <a href=\"https:\/\/www.ambienteyenergia.gob.ec\/ambiente\/mae-entrega-reconocimiento-ambiental-punto-verde-a-corporacion-gpf\/\">Read more &rarr;<\/a><\/p>\n","protected":false},"author":13,"featured_media":23674,"comment_status":"open","ping_status":"open","sticky":false,"template":"","format":"standard","meta":{"footnotes":""},"categories":[16,4],"tags":[],"class_list":["post-23673","post","type-post","status-publish","format-standard","has-post-thumbnail","hentry","category-comunicamos","category-noticias","xfolkentry"],"_links":{"self":[{"href":"https:\/\/www.ambienteyenergia.gob.ec\/ambiente\/wp-json\/wp\/v2\/posts\/23673","targetHints":{"allow":["GET"]}}],"collection":[{"href":"https:\/\/www.ambienteyenergia.gob.ec\/ambiente\/wp-json\/wp\/v2\/posts"}],"about":[{"href":"https:\/\/www.ambienteyenergia.gob.ec\/ambiente\/wp-json\/wp\/v2\/types\/post"}],"author":[{"embeddable":true,"href":"https:\/\/www.ambienteyenergia.gob.ec\/ambiente\/wp-json\/wp\/v2\/users\/13"}],"replies":[{"embeddable":true,"href":"https:\/\/www.ambienteyenergia.gob.ec\/ambiente\/wp-json\/wp\/v2\/comments?post=23673"}],"version-history":[{"count":0,"href":"https:\/\/www.ambienteyenergia.gob.ec\/ambiente\/wp-json\/wp\/v2\/posts\/23673\/revisions"}],"wp:featuredmedia":[{"embeddable":true,"href":"https:\/\/www.ambienteyenergia.gob.ec\/ambiente\/wp-json\/wp\/v2\/media\/23674"}],"wp:attachment":[{"href":"https:\/\/www.ambienteyenergia.gob.ec\/ambiente\/wp-json\/wp\/v2\/media?parent=23673"}],"wp:term":[{"taxonomy":"category","embeddable":true,"href":"https:\/\/www.ambienteyenergia.gob.ec\/ambiente\/wp-json\/wp\/v2\/categories?post=23673"},{"taxonomy":"post_tag","embeddable":true,"href":"https:\/\/www.ambienteyenergia.gob.ec\/ambiente\/wp-json\/wp\/v2\/tags?post=23673"}],"curies":[{"name":"wp","href":"https:\/\/api.w.org\/{rel}","templated":true}]}}