{"id":23666,"date":"2014-12-04T15:44:19","date_gmt":"2014-12-04T20:44:19","guid":{"rendered":"http:\/\/www.ambiente.gob.ec\/?p=23666"},"modified":"2014-12-04T15:45:04","modified_gmt":"2014-12-04T20:45:04","slug":"mae-participo-en-el-primer-encuentro-de-gestion-municipal","status":"publish","type":"post","link":"https:\/\/www.ambienteyenergia.gob.ec\/ambiente\/mae-participo-en-el-primer-encuentro-de-gestion-municipal\/","title":{"rendered":"MAE particip\u00f3 en el Primer Encuentro de Gesti\u00f3n Municipal"},"content":{"rendered":"<p style=\"margin-bottom: 0cm; font-weight: normal; text-decoration: none;\" align=\"JUSTIFY\"><span style=\"font-family: Arial,sans-serif;\"><span style=\"font-size: medium;\">El Ministerio del Ambiente de Ecuador (MAE) y el Programa de las Naciones Unidas para el Desarrollo (PNUD) a trav\u00e9s del Proyecto de Adaptaci\u00f3n al Cambio Clim\u00e1tico (PACC), particip\u00f3 en el Primer Encuentro de Gesti\u00f3n Municipal organizado por la Asociaci\u00f3n de Municipios del Ecuador (AME).<\/span><\/span><\/p>\n<p style=\"margin-bottom: 0cm; font-weight: normal; text-decoration: none;\" align=\"JUSTIFY\"><span style=\"font-family: Arial,sans-serif;\"><span style=\"font-size: medium;\">El evento que cont\u00f3 con la participaci\u00f3n de 221 municipios, instituciones gubernamentales, empresa privada y organizaciones no gubernamentales, gener\u00f3 un espacio de intercambio y aprendizaje colectivo sobre temas de inter\u00e9s municipal para fortalecer el liderazgo, las alianzas y la capacidad de gesti\u00f3n territorial. <\/span><\/span><\/p>\n<p style=\"margin-bottom: 0cm; font-weight: normal; text-decoration: none;\" align=\"JUSTIFY\"><span style=\"font-family: Arial,sans-serif;\"><span style=\"font-size: medium;\">El MAE fue invitado para difundir los resultados de su proyecto PACC y dem\u00e1s acciones que realiza a trav\u00e9s de la Subsecretar\u00eda de Cambio Clim\u00e1tico. Asimismo, inform\u00f3 las experiencias en territorio y el impacto que tienen en las comunidades beneficiadas.<\/span><\/span><\/p>\n<p style=\"margin-bottom: 0cm; font-weight: normal; text-decoration: none;\" align=\"JUSTIFY\"><span style=\"font-family: Arial,sans-serif;\"><span style=\"font-size: medium;\">Una de las experiencias m\u00e1s importantes que comparti\u00f3 esta Cartera de Estado, fue el proceso para incluir criterios de cambio clim\u00e1tico en los Planes de Desarrollo y Ordenamiento Territorial (PDyOT) y la evaluaci\u00f3n de la Gu\u00eda Explicativa para adaptarla en base a las necesidades de cada uno de los Gobiernos Aut\u00f3nomos Descentralizados (GAD). <\/span><\/span><\/p>\n<p style=\"margin-bottom: 0cm; font-weight: normal; text-decoration: none;\" align=\"JUSTIFY\"><span style=\"font-family: Arial,sans-serif;\"><span style=\"font-size: medium;\">Los participantes contaron, adem\u00e1s, con stands en los que pudieron exhibir servicios, proyectos, buenas pr\u00e1cticas, expresiones culturales, productivas y tur\u00edsticas entre los asistentes al encuentro.\/ss-ds<\/span><\/span><\/p>\n","protected":false},"excerpt":{"rendered":"<p class=\"excerpt\">El Ministerio del Ambiente de Ecuador (MAE) y el Programa de las Naciones Unidas para el Desarrollo (PNUD) a trav\u00e9s del Proyecto de Adaptaci\u00f3n al Cambio Clim\u00e1tico (PACC), particip\u00f3 en el Primer Encuentro de Gesti\u00f3n Municipal organizado por la Asociaci\u00f3n de Municipios del Ecuador (AME). El evento que cont\u00f3 con la participaci\u00f3n de 221 municipios, instituciones gubernamentales, empresa privada y&hellip; <a href=\"https:\/\/www.ambienteyenergia.gob.ec\/ambiente\/mae-participo-en-el-primer-encuentro-de-gestion-municipal\/\">Read more &rarr;<\/a><\/p>\n","protected":false},"author":13,"featured_media":23667,"comment_status":"open","ping_status":"open","sticky":false,"template":"","format":"standard","meta":{"footnotes":""},"categories":[16,4],"tags":[579,133,108,53,489],"class_list":["post-23666","post","type-post","status-publish","format-standard","has-post-thumbnail","hentry","category-comunicamos","category-noticias","tag-ame","tag-cambio-climatico","tag-lorena-tapia","tag-mae","tag-pacc","xfolkentry"],"_links":{"self":[{"href":"https:\/\/www.ambienteyenergia.gob.ec\/ambiente\/wp-json\/wp\/v2\/posts\/23666","targetHints":{"allow":["GET"]}}],"collection":[{"href":"https:\/\/www.ambienteyenergia.gob.ec\/ambiente\/wp-json\/wp\/v2\/posts"}],"about":[{"href":"https:\/\/www.ambienteyenergia.gob.ec\/ambiente\/wp-json\/wp\/v2\/types\/post"}],"author":[{"embeddable":true,"href":"https:\/\/www.ambienteyenergia.gob.ec\/ambiente\/wp-json\/wp\/v2\/users\/13"}],"replies":[{"embeddable":true,"href":"https:\/\/www.ambienteyenergia.gob.ec\/ambiente\/wp-json\/wp\/v2\/comments?post=23666"}],"version-history":[{"count":0,"href":"https:\/\/www.ambienteyenergia.gob.ec\/ambiente\/wp-json\/wp\/v2\/posts\/23666\/revisions"}],"wp:featuredmedia":[{"embeddable":true,"href":"https:\/\/www.ambienteyenergia.gob.ec\/ambiente\/wp-json\/wp\/v2\/media\/23667"}],"wp:attachment":[{"href":"https:\/\/www.ambienteyenergia.gob.ec\/ambiente\/wp-json\/wp\/v2\/media?parent=23666"}],"wp:term":[{"taxonomy":"category","embeddable":true,"href":"https:\/\/www.ambienteyenergia.gob.ec\/ambiente\/wp-json\/wp\/v2\/categories?post=23666"},{"taxonomy":"post_tag","embeddable":true,"href":"https:\/\/www.ambienteyenergia.gob.ec\/ambiente\/wp-json\/wp\/v2\/tags?post=23666"}],"curies":[{"name":"wp","href":"https:\/\/api.w.org\/{rel}","templated":true}]}}