{"id":23664,"date":"2014-12-04T15:58:01","date_gmt":"2014-12-04T20:58:01","guid":{"rendered":"http:\/\/www.ambiente.gob.ec\/?p=23664"},"modified":"2014-12-04T15:58:01","modified_gmt":"2014-12-04T20:58:01","slug":"mae-decomiso-dos-sacos-de-bromelias-en-santo-domingo-de-los-tsachilas","status":"publish","type":"post","link":"https:\/\/www.ambienteyenergia.gob.ec\/ambiente\/mae-decomiso-dos-sacos-de-bromelias-en-santo-domingo-de-los-tsachilas\/","title":{"rendered":"MAE decomis\u00f3 dos sacos de bromelias en Santo Domingo de los Ts\u00e1chilas"},"content":{"rendered":"<p style=\"text-align: justify;\"><span style=\"color: #000000;\"><span style=\"font-family: Arial,sans-serif;\"><span style=\"font-size: small;\"><span lang=\"es-ES\"><span style=\"font-weight: normal;\">Como parte de la campa\u00f1a \u00a1No arranques la piel de los bosques!, el Ministerio del Ambiente de Ecuador (MAE) realiz\u00f3 un operativo de control de movilizaci\u00f3n de productos forestales y de vida silvestre en plazas y mercados en donde se comercializan materiales para la decoraci\u00f3n y elaboraci\u00f3n de pesebres en esta \u00e9poca navide\u00f1a.<\/span><\/span><\/span><\/span><\/span><\/p>\n<p style=\"text-align: justify;\"><span style=\"color: #000000;\"><span style=\"font-family: Arial,sans-serif;\"><span style=\"font-size: small;\"><span lang=\"es-ES\"><span style=\"font-weight: normal;\">Como resultado de este operativo se logr\u00f3 decomisar dos sacos con bromelias (Tillandsia usneoides) que se encontraban encubiertos en un puesto de ventas de legumbres y hortalizas del Mercado Municipal 28 de Abril de Santo Domingo de los Ts\u00e1chilas.<\/span><\/span><\/span><\/span><\/span><\/p>\n<p style=\"text-align: justify;\"><span style=\"color: #000000;\"><span style=\"font-family: Arial,sans-serif;\"><span style=\"font-size: small;\"><span lang=\"es-ES\"><span style=\"font-weight: normal;\">Motivo por el cual esta Cartera de Estado inici\u00f3 un proceso administrativo en contra de la presunta infractora. El producto forestal decomisado se encuentra en custodia temporal de la Direcci\u00f3n Provincial del Ambiente para el tr\u00e1mite de reinserci\u00f3n a su h\u00e1bitat natural, de donde fueron extra\u00eddas ilegalmente.<\/span><\/span><\/span><\/span><\/span><\/p>\n<p style=\"text-align: justify;\"><span style=\"color: #000000;\"><span style=\"font-family: Arial,sans-serif;\"><span style=\"font-size: small;\"><span lang=\"es-ES\"><span style=\"font-weight: normal;\">Con este tipo de actividades, la Direcci\u00f3n Provincial del Ambiente busca evitar el comercio ilegal y venta de estas especies no maderables, adem\u00e1s de educar y concienciar a los ciudadanos sobre el efecto que representa la extracci\u00f3n del musgo, l\u00edquenes y helechos de su h\u00e1bitat natural.<\/span><\/span><\/span><\/span><\/span><\/p>\n<p style=\"text-align: justify;\"><span style=\"color: #000000;\"><span style=\"font-family: Arial,sans-serif;\"><span style=\"font-size: small;\"><span lang=\"es-ES\"><span style=\"font-weight: normal;\">El MAE a trav\u00e9s de la Direcci\u00f3n Nacional de Biodiversidad, la Direcci\u00f3n de Comunicaci\u00f3n y las Direcciones Provinciales ejecutan actividades educomunicacionales, para proteger el patrimonio natural nacional.<\/span><\/span><\/span><\/span><\/span><\/p>\n<p style=\"text-align: justify;\"><span style=\"color: #000000;\"><span style=\"font-family: Arial,sans-serif;\"><span style=\"font-size: small;\"><span lang=\"es-ES\"><span style=\"font-weight: normal;\">El Ministerio del Ambiente invita a la ciudadan\u00eda contribuir con el cuidado del ambiente, a trav\u00e9s de la elaboraci\u00f3n de pesebres con materiales alternativos como arena, aserr\u00edn pintado, papel reciclado, cart\u00f3n o semillas de ma\u00edz, fr\u00e9jol, ajonjol\u00ed con el fin de aportar a la conservaci\u00f3n y manejo de nuestros recursos naturales.\/jl-ds<\/span><\/span><\/span><\/span><\/span><\/p>\n<p><img loading=\"lazy\" decoding=\"async\" class=\"wp-image-23670 alignleft\" src=\"http:\/\/www.ambienteyenergia.gob.ec\/ambiente\/wp-content\/uploads\/2014\/12\/OPERATIVO-MUSGO-DPASDT-2014-3-1024x767.jpeg\" alt=\"OPERATIVO MUSGO 1\" width=\"244\" height=\"185\" \/><img loading=\"lazy\" decoding=\"async\" class=\"wp-image-23671 alignright\" src=\"http:\/\/www.ambienteyenergia.gob.ec\/ambiente\/wp-content\/uploads\/2014\/12\/OPERATIVO-MUSGO-DPASDT-2014-2-1024x721.jpeg\" alt=\"OPERATIVO MUSGO 2\" width=\"259\" height=\"186\" \/><\/p>\n<p>&nbsp;<\/p>\n","protected":false},"excerpt":{"rendered":"<p class=\"excerpt\">Como parte de la campa\u00f1a \u00a1No arranques la piel de los bosques!, el Ministerio del Ambiente de Ecuador (MAE) realiz\u00f3 un operativo de control de movilizaci\u00f3n de productos forestales y de vida silvestre en plazas y mercados en donde se comercializan materiales para la decoraci\u00f3n y elaboraci\u00f3n de pesebres en esta \u00e9poca navide\u00f1a. Como resultado de este operativo se logr\u00f3&hellip; <a href=\"https:\/\/www.ambienteyenergia.gob.ec\/ambiente\/mae-decomiso-dos-sacos-de-bromelias-en-santo-domingo-de-los-tsachilas\/\">Read more &rarr;<\/a><\/p>\n","protected":false},"author":13,"featured_media":23669,"comment_status":"open","ping_status":"open","sticky":false,"template":"","format":"standard","meta":{"footnotes":""},"categories":[16,4],"tags":[577,108,53,176,160],"class_list":["post-23664","post","type-post","status-publish","format-standard","has-post-thumbnail","hentry","category-comunicamos","category-noticias","tag-campana","tag-lorena-tapia","tag-mae","tag-musgo","tag-navidad","xfolkentry"],"_links":{"self":[{"href":"https:\/\/www.ambienteyenergia.gob.ec\/ambiente\/wp-json\/wp\/v2\/posts\/23664","targetHints":{"allow":["GET"]}}],"collection":[{"href":"https:\/\/www.ambienteyenergia.gob.ec\/ambiente\/wp-json\/wp\/v2\/posts"}],"about":[{"href":"https:\/\/www.ambienteyenergia.gob.ec\/ambiente\/wp-json\/wp\/v2\/types\/post"}],"author":[{"embeddable":true,"href":"https:\/\/www.ambienteyenergia.gob.ec\/ambiente\/wp-json\/wp\/v2\/users\/13"}],"replies":[{"embeddable":true,"href":"https:\/\/www.ambienteyenergia.gob.ec\/ambiente\/wp-json\/wp\/v2\/comments?post=23664"}],"version-history":[{"count":0,"href":"https:\/\/www.ambienteyenergia.gob.ec\/ambiente\/wp-json\/wp\/v2\/posts\/23664\/revisions"}],"wp:featuredmedia":[{"embeddable":true,"href":"https:\/\/www.ambienteyenergia.gob.ec\/ambiente\/wp-json\/wp\/v2\/media\/23669"}],"wp:attachment":[{"href":"https:\/\/www.ambienteyenergia.gob.ec\/ambiente\/wp-json\/wp\/v2\/media?parent=23664"}],"wp:term":[{"taxonomy":"category","embeddable":true,"href":"https:\/\/www.ambienteyenergia.gob.ec\/ambiente\/wp-json\/wp\/v2\/categories?post=23664"},{"taxonomy":"post_tag","embeddable":true,"href":"https:\/\/www.ambienteyenergia.gob.ec\/ambiente\/wp-json\/wp\/v2\/tags?post=23664"}],"curies":[{"name":"wp","href":"https:\/\/api.w.org\/{rel}","templated":true}]}}