{"id":23657,"date":"2014-12-04T11:38:37","date_gmt":"2014-12-04T16:38:37","guid":{"rendered":"http:\/\/www.ambiente.gob.ec\/?p=23657"},"modified":"2014-12-04T11:39:12","modified_gmt":"2014-12-04T16:39:12","slug":"campana-no-arranques-la-piel-de-los-bosques-llega-a-las-escuelas-de-urcuqui","status":"publish","type":"post","link":"https:\/\/www.ambienteyenergia.gob.ec\/ambiente\/campana-no-arranques-la-piel-de-los-bosques-llega-a-las-escuelas-de-urcuqui\/","title":{"rendered":"Campa\u00f1a \u00a1No arranques la piel de los bosques! llega a las escuelas de Urcuqu\u00ed"},"content":{"rendered":"<p style=\"margin-bottom: 0cm; line-height: 150%;\" align=\"JUSTIFY\"><span style=\"font-family: Arial,sans-serif;\"><span lang=\"es-ES\">Como parte de las actividades que se realizan en el marco de la campa\u00f1a \u00a1No arranques la piel de los bosques!, el Ministerio del Ambiente de Ecuador (MAE), a trav\u00e9s de la Direcci\u00f3n Provincial del Ambiente de Imbabura inici\u00f3 con el proceso de socializaci\u00f3n de esta iniciativa por medio de charlas de Educaci\u00f3n Ambiental en las Escuelas del Cant\u00f3n Urcuqu\u00ed.<\/span><\/span><\/p>\n<p style=\"margin-bottom: 0cm; line-height: 150%;\" align=\"JUSTIFY\">\n<p style=\"margin-bottom: 0cm; line-height: 150%;\" align=\"JUSTIFY\">\n<p style=\"margin-bottom: 0cm; line-height: 150%;\" align=\"JUSTIFY\"><span style=\"font-family: Arial,sans-serif;\">El motivo de esta actividad es promover en los ni\u00f1os y ni\u00f1as el cuidado por el ambiente, especialmente de los ecosistemas h\u00famedos en donde el musgo es un elemento indispensable para su conservaci\u00f3n. <\/span><\/p>\n<p style=\"margin-bottom: 0cm; line-height: 150%;\" align=\"JUSTIFY\">\n<p style=\"margin-bottom: 0cm; line-height: 150%;\" align=\"JUSTIFY\">\n<p style=\"margin-bottom: 0cm; line-height: 150%;\" align=\"JUSTIFY\"><span style=\"font-family: Arial,sans-serif;\">El objetivo de la campa\u00f1a es fomentar el uso de materiales alternativos como aserr\u00edn, pl\u00e1stico, botellas, papel, cart\u00f3n, entre otros en la elaboraci\u00f3n de pesebres.<\/span><\/p>\n","protected":false},"excerpt":{"rendered":"<p class=\"excerpt\">Como parte de las actividades que se realizan en el marco de la campa\u00f1a \u00a1No arranques la piel de los bosques!, el Ministerio del Ambiente de Ecuador (MAE), a trav\u00e9s de la Direcci\u00f3n Provincial del Ambiente de Imbabura inici\u00f3 con el proceso de socializaci\u00f3n de esta iniciativa por medio de charlas de Educaci\u00f3n Ambiental en las Escuelas del Cant\u00f3n Urcuqu\u00ed.&hellip; <a href=\"https:\/\/www.ambienteyenergia.gob.ec\/ambiente\/campana-no-arranques-la-piel-de-los-bosques-llega-a-las-escuelas-de-urcuqui\/\">Read more &rarr;<\/a><\/p>\n","protected":false},"author":13,"featured_media":23658,"comment_status":"open","ping_status":"open","sticky":false,"template":"","format":"standard","meta":{"footnotes":""},"categories":[16,4],"tags":[],"class_list":["post-23657","post","type-post","status-publish","format-standard","has-post-thumbnail","hentry","category-comunicamos","category-noticias","xfolkentry"],"_links":{"self":[{"href":"https:\/\/www.ambienteyenergia.gob.ec\/ambiente\/wp-json\/wp\/v2\/posts\/23657","targetHints":{"allow":["GET"]}}],"collection":[{"href":"https:\/\/www.ambienteyenergia.gob.ec\/ambiente\/wp-json\/wp\/v2\/posts"}],"about":[{"href":"https:\/\/www.ambienteyenergia.gob.ec\/ambiente\/wp-json\/wp\/v2\/types\/post"}],"author":[{"embeddable":true,"href":"https:\/\/www.ambienteyenergia.gob.ec\/ambiente\/wp-json\/wp\/v2\/users\/13"}],"replies":[{"embeddable":true,"href":"https:\/\/www.ambienteyenergia.gob.ec\/ambiente\/wp-json\/wp\/v2\/comments?post=23657"}],"version-history":[{"count":0,"href":"https:\/\/www.ambienteyenergia.gob.ec\/ambiente\/wp-json\/wp\/v2\/posts\/23657\/revisions"}],"wp:featuredmedia":[{"embeddable":true,"href":"https:\/\/www.ambienteyenergia.gob.ec\/ambiente\/wp-json\/wp\/v2\/media\/23658"}],"wp:attachment":[{"href":"https:\/\/www.ambienteyenergia.gob.ec\/ambiente\/wp-json\/wp\/v2\/media?parent=23657"}],"wp:term":[{"taxonomy":"category","embeddable":true,"href":"https:\/\/www.ambienteyenergia.gob.ec\/ambiente\/wp-json\/wp\/v2\/categories?post=23657"},{"taxonomy":"post_tag","embeddable":true,"href":"https:\/\/www.ambienteyenergia.gob.ec\/ambiente\/wp-json\/wp\/v2\/tags?post=23657"}],"curies":[{"name":"wp","href":"https:\/\/api.w.org\/{rel}","templated":true}]}}