{"id":23653,"date":"2014-12-04T10:56:40","date_gmt":"2014-12-04T15:56:40","guid":{"rendered":"http:\/\/www.ambiente.gob.ec\/?p=23653"},"modified":"2014-12-04T11:46:29","modified_gmt":"2014-12-04T16:46:29","slug":"mae-realiza-gran-minga-de-limpieza-en-estero-palanqueado","status":"publish","type":"post","link":"https:\/\/www.ambienteyenergia.gob.ec\/ambiente\/mae-realiza-gran-minga-de-limpieza-en-estero-palanqueado\/","title":{"rendered":"MAE realiza Gran Minga de Limpieza en Estero Palanqueado"},"content":{"rendered":"<p style=\"text-align: justify;\">Estero Palanqueado fue el escenario en el cual alrededor de 170 moradores del sector,\u00a0entre adultos, j\u00f3venes y ni\u00f1os, se dieron cita para participar en la Gran Minga de Limpieza, iniciativa implementada por el Ministerio del Ambiente de Ecuador (MAE), a trav\u00e9s de Proyecto Guayaquil Ecol\u00f3gico, con la finalidad de promover el cuidado y la conservaci\u00f3n de este remanente de mar.<\/p>\n<p style=\"text-align: justify;\">Con el apoyo de varias instituciones y empresas privadas, comprometidas con el medio ambiente, se logr\u00f3 recolectar cerca de 25,8 toneladas de residuos s\u00f3lidos como escombros, material de construcci\u00f3n, troncos y maleza, palos, restos de \u00e1rboles, botellas, pa\u00f1ales, pl\u00e1sticos, fundas, basura en las riberas y en espejo de agua del Estero Palanqueado, mismos que fueron trasladados al relleno sanitario Las Iguanas.<\/p>\n<p style=\"text-align: justify;\">As\u00ed mismo, con el apoyo de grupos Scouts de la ciudad se realiz\u00f3 la siembra de plantas ornamentales de las especies peregrina y algarrobo, mismas que fueron colocadas en las riberas del Estero.<\/p>\n<p style=\"text-align: justify;\">Por otro lado, el Ministerio de Salud P\u00fablica (MSP) brind\u00f3 atenci\u00f3n m\u00e9dica general, pedi\u00e1trica y odontol\u00f3gica. Adem\u00e1s entregaron medicina gratuita, realizaron vacunaci\u00f3n antir\u00e1bica y visitaron las viviendas para la entrega del cebo raticida y control de la reproducci\u00f3n del mosquito Aedes aegypti.<\/p>\n<p style=\"text-align: justify;\">En total participaron en esta jornada de Educaci\u00f3n Ambiental cerca de 11 instituciones, en ellas la Polic\u00eda Nacional, Interagua, Puerto Limpio, Grupo de Scouts Guayaquil y el sector privado.<\/p>\n<p style=\"text-align: justify;\">El Ministerio de Ambiente promueve la campa\u00f1a \u00a1Yo soy el Estero!, con el objetivo de concienciar a la poblaci\u00f3n guayaquile\u00f1a sobre la importancia de proteger el Estero Salado, un espacio que todos los ecuatorianos debemos cuidar, por medio de buenas pr\u00e1cticas ambientales.\/gr-ds<\/p>\n","protected":false},"excerpt":{"rendered":"<p class=\"excerpt\">Estero Palanqueado fue el escenario en el cual alrededor de 170 moradores del sector,\u00a0entre adultos, j\u00f3venes y ni\u00f1os, se dieron cita para participar en la Gran Minga de Limpieza, iniciativa implementada por el Ministerio del Ambiente de Ecuador (MAE), a trav\u00e9s de Proyecto Guayaquil Ecol\u00f3gico, con la finalidad de promover el cuidado y la conservaci\u00f3n de este remanente de mar.&hellip; <a href=\"https:\/\/www.ambienteyenergia.gob.ec\/ambiente\/mae-realiza-gran-minga-de-limpieza-en-estero-palanqueado\/\">Read more &rarr;<\/a><\/p>\n","protected":false},"author":13,"featured_media":23654,"comment_status":"open","ping_status":"open","sticky":false,"template":"","format":"standard","meta":{"footnotes":""},"categories":[16,4],"tags":[577,108,53,176,160],"class_list":["post-23653","post","type-post","status-publish","format-standard","has-post-thumbnail","hentry","category-comunicamos","category-noticias","tag-campana","tag-lorena-tapia","tag-mae","tag-musgo","tag-navidad","xfolkentry"],"_links":{"self":[{"href":"https:\/\/www.ambienteyenergia.gob.ec\/ambiente\/wp-json\/wp\/v2\/posts\/23653","targetHints":{"allow":["GET"]}}],"collection":[{"href":"https:\/\/www.ambienteyenergia.gob.ec\/ambiente\/wp-json\/wp\/v2\/posts"}],"about":[{"href":"https:\/\/www.ambienteyenergia.gob.ec\/ambiente\/wp-json\/wp\/v2\/types\/post"}],"author":[{"embeddable":true,"href":"https:\/\/www.ambienteyenergia.gob.ec\/ambiente\/wp-json\/wp\/v2\/users\/13"}],"replies":[{"embeddable":true,"href":"https:\/\/www.ambienteyenergia.gob.ec\/ambiente\/wp-json\/wp\/v2\/comments?post=23653"}],"version-history":[{"count":0,"href":"https:\/\/www.ambienteyenergia.gob.ec\/ambiente\/wp-json\/wp\/v2\/posts\/23653\/revisions"}],"wp:featuredmedia":[{"embeddable":true,"href":"https:\/\/www.ambienteyenergia.gob.ec\/ambiente\/wp-json\/wp\/v2\/media\/23654"}],"wp:attachment":[{"href":"https:\/\/www.ambienteyenergia.gob.ec\/ambiente\/wp-json\/wp\/v2\/media?parent=23653"}],"wp:term":[{"taxonomy":"category","embeddable":true,"href":"https:\/\/www.ambienteyenergia.gob.ec\/ambiente\/wp-json\/wp\/v2\/categories?post=23653"},{"taxonomy":"post_tag","embeddable":true,"href":"https:\/\/www.ambienteyenergia.gob.ec\/ambiente\/wp-json\/wp\/v2\/tags?post=23653"}],"curies":[{"name":"wp","href":"https:\/\/api.w.org\/{rel}","templated":true}]}}