{"id":23650,"date":"2014-12-04T08:29:03","date_gmt":"2014-12-04T13:29:03","guid":{"rendered":"http:\/\/www.ambiente.gob.ec\/?p=23650"},"modified":"2014-12-04T08:29:03","modified_gmt":"2014-12-04T13:29:03","slug":"funcionarios-de-varias-instituciones-de-ambato-se-capacitaron-en-normativa-sobre-cambio-climatico","status":"publish","type":"post","link":"https:\/\/www.ambienteyenergia.gob.ec\/ambiente\/funcionarios-de-varias-instituciones-de-ambato-se-capacitaron-en-normativa-sobre-cambio-climatico\/","title":{"rendered":"Funcionarios de varias instituciones de Ambato se capacitaron en normativa sobre cambio clim\u00e1tico"},"content":{"rendered":"<p style=\"text-align: justify;\">El Ministerio del Ambiente de Ecuador (MAE) a trav\u00e9s del Proyecto Gesti\u00f3n de Adaptaci\u00f3n del Cambio Clim\u00e1tico (GACC), con la colaboraci\u00f3n de la Cooperaci\u00f3n Alemana al Desarrollo (GIZ, por sus siglas en alem\u00e1n), capacit\u00f3 a funcionarios de diferentes instituciones en la ciudad de Ambato.<\/p>\n<p style=\"text-align: justify;\">\n<p style=\"text-align: justify;\">Los Gobiernos Aut\u00f3nomos Descentralizados (GAD), se encuentran en etapa de actualizaci\u00f3n de sus Planes de Desarrollo y Ordenamiento Territorial (PDyOT), por lo que se encuentran evaluando sus logros con la finalidad de avanzar en la construcci\u00f3n de objetivos y el desarrollo de los mismos.<\/p>\n<p style=\"text-align: justify;\">\n<p style=\"text-align: justify;\">La informaci\u00f3n clim\u00e1tica recolectada a trav\u00e9s de varias fuentes servir\u00e1 para complementar y enriquecer el proceso de incorporaci\u00f3n de los criterios de cambio clim\u00e1tico dentro de la planificaci\u00f3n anual de los GAD, el mismo que cuenta con el apoyo t\u00e9cnico de la Secretar\u00eda Nacional de Planificaci\u00f3n y Desarrollo (SENPLADES).<\/p>\n<p style=\"text-align: justify;\">\n<p style=\"text-align: justify;\">Asimismo, la informaci\u00f3n recopilada por los GAD acerca de los sistemas que act\u00faan en su territorio facilitar\u00e1 el an\u00e1lisis de la vulnerabilidad de los programas y proyectos propuestos, as\u00ed como el hallazgo de oportunidades para disminuir las emisiones de gases de efecto invernadero.<\/p>\n<p style=\"text-align: justify;\">\n<p style=\"text-align: justify;\">El taller cont\u00f3 con la participaci\u00f3n de instituciones como: GAD Municipal de Ambato, Consejo Municipal de Seguridad de la Ciudad de Ambato (COMSECA), Empresa Municipal de Agua Potable y Alcantarillado de Ambato (EMAPA), Gobierno Aut\u00f3nomo Descentralizado de Ambato (GADMA), Agencia de Orden y Control Ciudadano (AOYCC), Direcci\u00f3n de Tr\u00e1nsito Municipal (DTM), Cuerpo de Bomberos de Ambato, Empresa Municipal de Agua Potable y Alcantarillado de Ambato (EMAPA), Camal Municipal, Gesti\u00f3n Integral de desechos s\u00f3lidos del cant\u00f3n Ambato (GIDSA) y GIZ (Cooperaci\u00f3n Alemana al Desarrollo).<\/p>\n<p style=\"text-align: justify;\">\n","protected":false},"excerpt":{"rendered":"<p class=\"excerpt\">El Ministerio del Ambiente de Ecuador (MAE) a trav\u00e9s del Proyecto Gesti\u00f3n de Adaptaci\u00f3n del Cambio Clim\u00e1tico (GACC), con la colaboraci\u00f3n de la Cooperaci\u00f3n Alemana al Desarrollo (GIZ, por sus siglas en alem\u00e1n), capacit\u00f3 a funcionarios de diferentes instituciones en la ciudad de Ambato. Los Gobiernos Aut\u00f3nomos Descentralizados (GAD), se encuentran en etapa de actualizaci\u00f3n de sus Planes de Desarrollo&hellip; <a href=\"https:\/\/www.ambienteyenergia.gob.ec\/ambiente\/funcionarios-de-varias-instituciones-de-ambato-se-capacitaron-en-normativa-sobre-cambio-climatico\/\">Read more &rarr;<\/a><\/p>\n","protected":false},"author":13,"featured_media":23651,"comment_status":"open","ping_status":"open","sticky":false,"template":"","format":"standard","meta":{"footnotes":""},"categories":[16,4],"tags":[],"class_list":["post-23650","post","type-post","status-publish","format-standard","has-post-thumbnail","hentry","category-comunicamos","category-noticias","xfolkentry"],"_links":{"self":[{"href":"https:\/\/www.ambienteyenergia.gob.ec\/ambiente\/wp-json\/wp\/v2\/posts\/23650","targetHints":{"allow":["GET"]}}],"collection":[{"href":"https:\/\/www.ambienteyenergia.gob.ec\/ambiente\/wp-json\/wp\/v2\/posts"}],"about":[{"href":"https:\/\/www.ambienteyenergia.gob.ec\/ambiente\/wp-json\/wp\/v2\/types\/post"}],"author":[{"embeddable":true,"href":"https:\/\/www.ambienteyenergia.gob.ec\/ambiente\/wp-json\/wp\/v2\/users\/13"}],"replies":[{"embeddable":true,"href":"https:\/\/www.ambienteyenergia.gob.ec\/ambiente\/wp-json\/wp\/v2\/comments?post=23650"}],"version-history":[{"count":0,"href":"https:\/\/www.ambienteyenergia.gob.ec\/ambiente\/wp-json\/wp\/v2\/posts\/23650\/revisions"}],"wp:featuredmedia":[{"embeddable":true,"href":"https:\/\/www.ambienteyenergia.gob.ec\/ambiente\/wp-json\/wp\/v2\/media\/23651"}],"wp:attachment":[{"href":"https:\/\/www.ambienteyenergia.gob.ec\/ambiente\/wp-json\/wp\/v2\/media?parent=23650"}],"wp:term":[{"taxonomy":"category","embeddable":true,"href":"https:\/\/www.ambienteyenergia.gob.ec\/ambiente\/wp-json\/wp\/v2\/categories?post=23650"},{"taxonomy":"post_tag","embeddable":true,"href":"https:\/\/www.ambienteyenergia.gob.ec\/ambiente\/wp-json\/wp\/v2\/tags?post=23650"}],"curies":[{"name":"wp","href":"https:\/\/api.w.org\/{rel}","templated":true}]}}