{"id":23631,"date":"2014-12-03T11:07:18","date_gmt":"2014-12-03T16:07:18","guid":{"rendered":"http:\/\/www.ambiente.gob.ec\/?p=23631"},"modified":"2014-12-03T11:23:23","modified_gmt":"2014-12-03T16:23:23","slug":"ecuador-define-su-posicion-nacional-ante-la-vigesima-conferencia-de-las-partes-cop20","status":"publish","type":"post","link":"https:\/\/www.ambienteyenergia.gob.ec\/ambiente\/ecuador-define-su-posicion-nacional-ante-la-vigesima-conferencia-de-las-partes-cop20\/","title":{"rendered":"Ecuador define su Posici\u00f3n Nacional ante la Vig\u00e9sima Conferencia de las Partes (COP20)"},"content":{"rendered":"<p style=\"margin-bottom: 0cm;\" align=\"JUSTIFY\"><span style=\"font-family: Calibri,sans-serif;\"><span style=\"font-size: medium;\">La S\u00e9ptima Reuni\u00f3n Extraordinaria del Comit\u00e9 Interinstitucional de Cambio Clim\u00e1tico (CICC) que fue presidida por la Ministra del Ambiente Lorena Tapia, se realiz\u00f3 en Quito, con el objetivo de definir la posici\u00f3n del Ecuador ante la COP20 que se celebrar\u00e1 en Lima, Per\u00fa desde el 1 al 12 de diciembre de 2014.<\/span><\/span><\/p>\n<p style=\"margin-bottom: 0cm;\" align=\"JUSTIFY\"><span style=\"font-family: Calibri,sans-serif;\"><span style=\"font-size: medium;\">El Ministerio del Ambiente (MAE) en calidad de Presidente del CICC, comunic\u00f3 el documento de la Posici\u00f3n Nacional, el mismo que contiene <span lang=\"zxx\">los mandatos de la Constituci\u00f3n que prev\u00e9n la adopci\u00f3n de medidas adecuadas y transversales para la mitigaci\u00f3n del cambio clim\u00e1tico y la promoci\u00f3n de la eficiencia energ\u00e9tica, el desarrollo y uso de pr\u00e1cticas y tecnolog\u00edas limpias y sanas, as\u00ed como de energ\u00edas renovables, diversificadas, de bajo impacto y que no pongan en riesgo la soberan\u00eda alimentaria y el equilibrio ecol\u00f3gico de los ecosistemas ni el derecho al agua.<\/span><\/span><\/span><\/p>\n<p style=\"margin-bottom: 0cm;\" align=\"JUSTIFY\"><span style=\"font-family: Calibri,sans-serif;\"><span style=\"font-size: medium;\">Como resultado de esta reuni\u00f3n se defini\u00f3 la Posici\u00f3n Nacional que orientar\u00e1 el proceso de negociaci\u00f3n de la delegaci\u00f3n del Ecuador <span lang=\"zxx\">durante la realizaci\u00f3n de la Conferencia de las Partes (COP20). <\/span>En Lima se negociar\u00e1 un marco adecuado para el reconocimiento de las acciones se\u00f1aladas, adem\u00e1s de demostrar que son la base para la generaci\u00f3n del aporte ecuatoriano posterior al 2020. <\/span><\/span><\/p>\n<p lang=\"zxx\" style=\"margin-bottom: 0cm;\" align=\"JUSTIFY\"><span style=\"font-family: Calibri,sans-serif;\"><span style=\"font-size: medium;\">La Reuni\u00f3n cont\u00f3 con la presencia de la Ministra del Ambiente como M\u00e1xima Autoridad Nacional Ambiental, la Subsecretar\u00eda de Cambio Clim\u00e1tico en calidad de Secretar\u00eda T\u00e9cnica, delegados del Ministerio Coordinador de Sectores Estrat\u00e9gicos, Ministerio de Relaciones Exteriores y Movilidad Humana, Secretar\u00eda Nacional de Planificaci\u00f3n y Desarrollo, Secretar\u00eda Nacional del Agua, Secretar\u00eda Nacional de Ciencia y Tecnolog\u00eda, y Secretar\u00eda Nacional de Gesti\u00f3n de Riesgos.<\/span><\/span><\/p>\n<p style=\"margin-bottom: 0cm;\" align=\"JUSTIFY\"><span style=\"font-family: Calibri,sans-serif;\"><span style=\"font-size: medium;\">Durante la COP20 de la Convenci\u00f3n Marco de Naciones Unidas para el Cambio Clim\u00e1tico (CMNUCC), se identificar\u00e1n las bases de un nuevo acuerdo global para profundizar el combate contra el cambio clim\u00e1tico. Este acuerdo deber\u00e1 ser aprobado en el 2015 en Par\u00eds, y entrar\u00eda en vigencia el a\u00f1o 2020.<\/span><\/span><\/p>\n<p style=\"margin-bottom: 0cm;\" align=\"JUSTIFY\"><strong><span style=\"font-family: Calibri,sans-serif;\"><span style=\"font-size: medium;\">El dato<\/span><\/span><\/strong><\/p>\n<p style=\"margin-bottom: 0cm;\" align=\"JUSTIFY\"><span style=\"font-family: Calibri,sans-serif;\"><span style=\"font-size: medium;\">Ecuador est\u00e1 de acuerdo en que todos los pa\u00edses (desarrollados y en v\u00edas de desarrollo) deben realizar esfuerzos de mitigaci\u00f3n y presentar sus aportes, tal como el pa\u00eds lo est\u00e1 haciendo por medio de su pol\u00edtica de cambio de matriz energ\u00e9tica e incentivos forestales.<\/span><\/span><\/p>\n<p style=\"margin-bottom: 0cm;\" align=\"JUSTIFY\"><span style=\"font-family: Calibri,sans-serif;\"><span style=\"font-size: medium;\">Ecuador est\u00e1 consciente de que si un acuerdo no es inclusivo y no fomenta la cooperaci\u00f3n entre los pa\u00edses a trav\u00e9s de medios de implementaci\u00f3n claros, \u00e9ste probablemente no permitir\u00e1 abordar el problema del cambio clim\u00e1tico de manera adecuada. <\/span><\/span><\/p>\n<p lang=\"zxx\" style=\"margin-bottom: 0cm;\" align=\"JUSTIFY\"><strong><span style=\"font-family: Calibri,sans-serif;\"><span style=\"font-size: medium;\">Sobre el Comit\u00e9 Interinstitucional de Cambio Clim\u00e1tico (CICC)<\/span><\/span><\/strong><\/p>\n<p style=\"margin-bottom: 0cm;\" align=\"JUSTIFY\"><span style=\"font-family: Calibri,sans-serif;\"><span style=\"font-size: medium;\">Mediante Decreto Ejecutivo N\u00b0 495, publicado en el Registro Oficial N\u00b0 304 del 20 de octubre de 2010, se cre\u00f3 el Comit\u00e9 Interinstitucional de Cambio Clim\u00e1tico para implementar de manera efectiva las pol\u00edticas, estrategias, medidas de adaptaci\u00f3n, mitigaci\u00f3n, desarrollo de capacidades, tecnolog\u00eda e innovaci\u00f3n, y financiamiento; as\u00ed como lograr una participaci\u00f3n proactiva en los foros y negociaciones de cambio clim\u00e1tico y efectivos niveles de cooperaci\u00f3n internacional en materia de clima, acordes con el Plan Nacional del Buen Vivir.\/ss-ds<\/span><\/span><\/p>\n","protected":false},"excerpt":{"rendered":"<p class=\"excerpt\">La S\u00e9ptima Reuni\u00f3n Extraordinaria del Comit\u00e9 Interinstitucional de Cambio Clim\u00e1tico (CICC) que fue presidida por la Ministra del Ambiente Lorena Tapia, se realiz\u00f3 en Quito, con el objetivo de definir la posici\u00f3n del Ecuador ante la COP20 que se celebrar\u00e1 en Lima, Per\u00fa desde el 1 al 12 de diciembre de 2014. El Ministerio del Ambiente (MAE) en calidad de&hellip; <a href=\"https:\/\/www.ambienteyenergia.gob.ec\/ambiente\/ecuador-define-su-posicion-nacional-ante-la-vigesima-conferencia-de-las-partes-cop20\/\">Read more &rarr;<\/a><\/p>\n","protected":false},"author":13,"featured_media":23632,"comment_status":"open","ping_status":"open","sticky":false,"template":"","format":"standard","meta":{"footnotes":""},"categories":[16,4],"tags":[],"class_list":["post-23631","post","type-post","status-publish","format-standard","has-post-thumbnail","hentry","category-comunicamos","category-noticias","xfolkentry"],"_links":{"self":[{"href":"https:\/\/www.ambienteyenergia.gob.ec\/ambiente\/wp-json\/wp\/v2\/posts\/23631","targetHints":{"allow":["GET"]}}],"collection":[{"href":"https:\/\/www.ambienteyenergia.gob.ec\/ambiente\/wp-json\/wp\/v2\/posts"}],"about":[{"href":"https:\/\/www.ambienteyenergia.gob.ec\/ambiente\/wp-json\/wp\/v2\/types\/post"}],"author":[{"embeddable":true,"href":"https:\/\/www.ambienteyenergia.gob.ec\/ambiente\/wp-json\/wp\/v2\/users\/13"}],"replies":[{"embeddable":true,"href":"https:\/\/www.ambienteyenergia.gob.ec\/ambiente\/wp-json\/wp\/v2\/comments?post=23631"}],"version-history":[{"count":0,"href":"https:\/\/www.ambienteyenergia.gob.ec\/ambiente\/wp-json\/wp\/v2\/posts\/23631\/revisions"}],"wp:featuredmedia":[{"embeddable":true,"href":"https:\/\/www.ambienteyenergia.gob.ec\/ambiente\/wp-json\/wp\/v2\/media\/23632"}],"wp:attachment":[{"href":"https:\/\/www.ambienteyenergia.gob.ec\/ambiente\/wp-json\/wp\/v2\/media?parent=23631"}],"wp:term":[{"taxonomy":"category","embeddable":true,"href":"https:\/\/www.ambienteyenergia.gob.ec\/ambiente\/wp-json\/wp\/v2\/categories?post=23631"},{"taxonomy":"post_tag","embeddable":true,"href":"https:\/\/www.ambienteyenergia.gob.ec\/ambiente\/wp-json\/wp\/v2\/tags?post=23631"}],"curies":[{"name":"wp","href":"https:\/\/api.w.org\/{rel}","templated":true}]}}