{"id":23622,"date":"2014-12-03T08:51:29","date_gmt":"2014-12-03T13:51:29","guid":{"rendered":"http:\/\/www.ambiente.gob.ec\/?p=23622"},"modified":"2014-12-03T08:51:29","modified_gmt":"2014-12-03T13:51:29","slug":"mae-presenta-oficialmente-campana-no-arranques-la-piel-de-los-bosques-en-imbabura","status":"publish","type":"post","link":"https:\/\/www.ambienteyenergia.gob.ec\/ambiente\/mae-presenta-oficialmente-campana-no-arranques-la-piel-de-los-bosques-en-imbabura\/","title":{"rendered":"MAE presenta oficialmente campa\u00f1a \u00a1No arranques la piel de los bosques! en Imbabura"},"content":{"rendered":"<p style=\"text-align: justify;\">\u00a1No arranques la piel de los bosques! Es una iniciativa impulsada por el Ministerio del Ambiente de Ecuador (MAE), con el objetivo de fomentar el cuidado, protecci\u00f3n y la no utilizaci\u00f3n de productos forestales no maderables, como el musgo en las festividades navide\u00f1as.<\/p>\n<p style=\"text-align: justify;\">Es por tal motivo que la Direcci\u00f3n Provincial del Ambiente de Imbabura,\u00a0 en conjunto con la Unidad de Protecci\u00f3n del Medio Ambiente (UPMA) de la Polic\u00eda Nacional, realiz\u00f3 una rueda de prensa para socializar el inicio de esta campa\u00f1a nacional, pues la utilizaci\u00f3n del musgo y otras especies generan un grave impacto en ecosistemas h\u00famedos.<\/p>\n<p style=\"text-align: justify;\">Durante la presentaci\u00f3n de la campa\u00f1a, Segundo Fuentes, Director Provincial del Ambiente, junto con representantes de la Polic\u00eda y la Iglesia Cat\u00f3lica destacaron el trabajo conjunto que se realiza en la provincia con el fin de evitar la extracci\u00f3n, comercializaci\u00f3n y utilizaci\u00f3n del musgo, motivando adem\u00e1s el uso de materiales alternativos para la elaboraci\u00f3n de pesebres y adornos navide\u00f1os como el aserr\u00edn, papel, botellas de pl\u00e1stico, algod\u00f3n, ente otros.<\/p>\n<p style=\"text-align: justify;\">Esta campa\u00f1a se extender\u00e1 todo diciembre, a trav\u00e9s de actividades de sensibilizaci\u00f3n, operativos de control en carreteras, plazas, mercados almacenes y sitios de expendio en la zona urbana de los cantones, a fin de evitar el uso de estas especies.\/li-ds<\/p>\n","protected":false},"excerpt":{"rendered":"<p class=\"excerpt\">\u00a1No arranques la piel de los bosques! Es una iniciativa impulsada por el Ministerio del Ambiente de Ecuador (MAE), con el objetivo de fomentar el cuidado, protecci\u00f3n y la no utilizaci\u00f3n de productos forestales no maderables, como el musgo en las festividades navide\u00f1as. Es por tal motivo que la Direcci\u00f3n Provincial del Ambiente de Imbabura,\u00a0 en conjunto con la Unidad&hellip; <a href=\"https:\/\/www.ambienteyenergia.gob.ec\/ambiente\/mae-presenta-oficialmente-campana-no-arranques-la-piel-de-los-bosques-en-imbabura\/\">Read more &rarr;<\/a><\/p>\n","protected":false},"author":13,"featured_media":23623,"comment_status":"open","ping_status":"open","sticky":false,"template":"","format":"standard","meta":{"footnotes":""},"categories":[16,4],"tags":[577,108,53,176,160,578],"class_list":["post-23622","post","type-post","status-publish","format-standard","has-post-thumbnail","hentry","category-comunicamos","category-noticias","tag-campana","tag-lorena-tapia","tag-mae","tag-musgo","tag-navidad","tag-protege-los-bosques","xfolkentry"],"_links":{"self":[{"href":"https:\/\/www.ambienteyenergia.gob.ec\/ambiente\/wp-json\/wp\/v2\/posts\/23622","targetHints":{"allow":["GET"]}}],"collection":[{"href":"https:\/\/www.ambienteyenergia.gob.ec\/ambiente\/wp-json\/wp\/v2\/posts"}],"about":[{"href":"https:\/\/www.ambienteyenergia.gob.ec\/ambiente\/wp-json\/wp\/v2\/types\/post"}],"author":[{"embeddable":true,"href":"https:\/\/www.ambienteyenergia.gob.ec\/ambiente\/wp-json\/wp\/v2\/users\/13"}],"replies":[{"embeddable":true,"href":"https:\/\/www.ambienteyenergia.gob.ec\/ambiente\/wp-json\/wp\/v2\/comments?post=23622"}],"version-history":[{"count":0,"href":"https:\/\/www.ambienteyenergia.gob.ec\/ambiente\/wp-json\/wp\/v2\/posts\/23622\/revisions"}],"wp:featuredmedia":[{"embeddable":true,"href":"https:\/\/www.ambienteyenergia.gob.ec\/ambiente\/wp-json\/wp\/v2\/media\/23623"}],"wp:attachment":[{"href":"https:\/\/www.ambienteyenergia.gob.ec\/ambiente\/wp-json\/wp\/v2\/media?parent=23622"}],"wp:term":[{"taxonomy":"category","embeddable":true,"href":"https:\/\/www.ambienteyenergia.gob.ec\/ambiente\/wp-json\/wp\/v2\/categories?post=23622"},{"taxonomy":"post_tag","embeddable":true,"href":"https:\/\/www.ambienteyenergia.gob.ec\/ambiente\/wp-json\/wp\/v2\/tags?post=23622"}],"curies":[{"name":"wp","href":"https:\/\/api.w.org\/{rel}","templated":true}]}}