{"id":23619,"date":"2014-12-02T16:47:32","date_gmt":"2014-12-02T21:47:32","guid":{"rendered":"http:\/\/www.ambiente.gob.ec\/?p=23619"},"modified":"2014-12-02T16:47:32","modified_gmt":"2014-12-02T21:47:32","slug":"mae-participa-en-la-inauguracion-de-la-cop20-en-lima","status":"publish","type":"post","link":"https:\/\/www.ambienteyenergia.gob.ec\/ambiente\/mae-participa-en-la-inauguracion-de-la-cop20-en-lima\/","title":{"rendered":"MAE participa en la inauguraci\u00f3n de la COP20 en Lima"},"content":{"rendered":"<p style=\"text-align: justify;\">Este lunes inici\u00f3 la Conferencia de las Partes de la Convenci\u00f3n Marco de las Naciones Unidas sobre el Cambio Clim\u00e1tico COP20, en la ciudad de Lima.<\/p>\n<p style=\"text-align: justify;\">\n<p style=\"text-align: justify;\">Los delegados del Ministerio del Ambiente\u00a0 y Ministerio de Relaciones Exteriores y Movilidad Humana representaron al Ecuador durante la ceremonia que se llev\u00f3 a cabo en el Cuartel General del Ej\u00e9rcito, conocido como el Pentagonito.<\/p>\n<p style=\"text-align: justify;\">\n<p style=\"text-align: justify;\">El encuentro de alrededor de 10 mil delegados, inaugur\u00f3 con las palabras de bienvenida del Ministro del Ambiente del Per\u00fa, Manuel Pulgar Vidal quien es presidente de la COP para este a\u00f1o. En su discurso, hizo un llamado al di\u00e1logo para alcanzar acuerdos concretos con transparencia y esp\u00edritu de consenso. El Ministro se\u00f1al\u00f3 entre las expectativas de las negociaciones, la importancia de definir los elementos que contendr\u00e1 el borrador del nuevo acuerdo global, la implementaci\u00f3n del mecanismo REDD+, el fortalecimiento de las acciones de adaptaci\u00f3n, y mecanismos de financiamiento clim\u00e1tico. \u201cQueremos que esta sea la COP que ponga cimientos claros del nuevo acuerdo clim\u00e1tico global a trav\u00e9s de un documento que exprese un balance entre acci\u00f3n clim\u00e1tica y desarrollo sostenible\u201d se\u00f1al\u00f3 Vidal. El acuerdo clim\u00e1tico global se suscribir\u00e1 en la pr\u00f3xima COP a realizarse en el 2015 en Par\u00eds.<\/p>\n<p style=\"text-align: justify;\">\n<p style=\"text-align: justify;\">Adicionalmente, el presidente de la COP reconoci\u00f3 el esfuerzo de los pa\u00edses, por la capitalizaci\u00f3n del Fondo Verde Clim\u00e1tico, evidencia de la voluntad pol\u00edtica conjunta por apoyar acciones en cambio clim\u00e1tico.\u00a0 Para el Ecuador, como pa\u00eds en desarrollo comprometido en profundizar esfuerzos voluntarios de mitigaci\u00f3n, el financiamiento es un tema de alta relevancia en el marco de las discusiones sobre el nuevo acuerdo, as\u00ed como en el contexto m\u00e1s amplio de la COP 20.<\/p>\n<p style=\"text-align: justify;\">\n<p style=\"text-align: justify;\">Christiana Figueres, secretaria Ejecutiva de la CMNUCC, tambi\u00e9n intervino, recalcando los hallazgos del Quinto Informe de Evaluaci\u00f3n\u00a0 del IPCC. Alent\u00f3 a los actores a aumentar el alcance de sus acciones y acelerarlas para avanzar m\u00e1s lejos y m\u00e1s r\u00e1pido. \u201cLa COP20 tiene que hacer historia, tenemos que fijar l\u00edneas de acci\u00f3n clim\u00e1tica tan imborrables como las l\u00edneas de Nasca, y establecer agendas globales de clima y desarrollo tan perdurables como ese antiguo arte.\u201d<\/p>\n<p style=\"text-align: justify;\">\n<p style=\"text-align: justify;\">Como lo se\u00f1al\u00f3 la alcaldesa de Lima, Susana Villar\u00e1n, \u201clas evidencias del IPCC son contundentes, puesto que entre el 2000 y 2010 las emisiones de carbono han sido mayores que en las \u00faltimas tres d\u00e9cadas.\u201d La conferencia que re\u00fane a 195 pa\u00edses y que continuar\u00e1 hasta el 12 de diciembre fue inaugurada con optimismo y altas expectativas por establecer los acuerdos orientadas a la reducci\u00f3n de emisiones de gases de efecto invernadero para responder de manera urgente y eficiente a la amenaza mundial que el cambio clim\u00e1tico representa.<\/p>\n<p style=\"text-align: justify;\">\n<p style=\"text-align: justify;\">\n","protected":false},"excerpt":{"rendered":"<p class=\"excerpt\">Este lunes inici\u00f3 la Conferencia de las Partes de la Convenci\u00f3n Marco de las Naciones Unidas sobre el Cambio Clim\u00e1tico COP20, en la ciudad de Lima. Los delegados del Ministerio del Ambiente\u00a0 y Ministerio de Relaciones Exteriores y Movilidad Humana representaron al Ecuador durante la ceremonia que se llev\u00f3 a cabo en el Cuartel General del Ej\u00e9rcito, conocido como el&hellip; <a href=\"https:\/\/www.ambienteyenergia.gob.ec\/ambiente\/mae-participa-en-la-inauguracion-de-la-cop20-en-lima\/\">Read more &rarr;<\/a><\/p>\n","protected":false},"author":13,"featured_media":23620,"comment_status":"open","ping_status":"open","sticky":false,"template":"","format":"standard","meta":{"footnotes":""},"categories":[16,4],"tags":[],"class_list":["post-23619","post","type-post","status-publish","format-standard","has-post-thumbnail","hentry","category-comunicamos","category-noticias","xfolkentry"],"_links":{"self":[{"href":"https:\/\/www.ambienteyenergia.gob.ec\/ambiente\/wp-json\/wp\/v2\/posts\/23619","targetHints":{"allow":["GET"]}}],"collection":[{"href":"https:\/\/www.ambienteyenergia.gob.ec\/ambiente\/wp-json\/wp\/v2\/posts"}],"about":[{"href":"https:\/\/www.ambienteyenergia.gob.ec\/ambiente\/wp-json\/wp\/v2\/types\/post"}],"author":[{"embeddable":true,"href":"https:\/\/www.ambienteyenergia.gob.ec\/ambiente\/wp-json\/wp\/v2\/users\/13"}],"replies":[{"embeddable":true,"href":"https:\/\/www.ambienteyenergia.gob.ec\/ambiente\/wp-json\/wp\/v2\/comments?post=23619"}],"version-history":[{"count":0,"href":"https:\/\/www.ambienteyenergia.gob.ec\/ambiente\/wp-json\/wp\/v2\/posts\/23619\/revisions"}],"wp:featuredmedia":[{"embeddable":true,"href":"https:\/\/www.ambienteyenergia.gob.ec\/ambiente\/wp-json\/wp\/v2\/media\/23620"}],"wp:attachment":[{"href":"https:\/\/www.ambienteyenergia.gob.ec\/ambiente\/wp-json\/wp\/v2\/media?parent=23619"}],"wp:term":[{"taxonomy":"category","embeddable":true,"href":"https:\/\/www.ambienteyenergia.gob.ec\/ambiente\/wp-json\/wp\/v2\/categories?post=23619"},{"taxonomy":"post_tag","embeddable":true,"href":"https:\/\/www.ambienteyenergia.gob.ec\/ambiente\/wp-json\/wp\/v2\/tags?post=23619"}],"curies":[{"name":"wp","href":"https:\/\/api.w.org\/{rel}","templated":true}]}}