{"id":23615,"date":"2014-12-02T16:32:26","date_gmt":"2014-12-02T21:32:26","guid":{"rendered":"http:\/\/www.ambiente.gob.ec\/?p=23615"},"modified":"2014-12-02T16:32:26","modified_gmt":"2014-12-02T21:32:26","slug":"mae-impulsa-la-campana-yo-soy-el-estero-en-guayaquil","status":"publish","type":"post","link":"https:\/\/www.ambienteyenergia.gob.ec\/ambiente\/mae-impulsa-la-campana-yo-soy-el-estero-en-guayaquil\/","title":{"rendered":"MAE impulsa la Campa\u00f1a \u00abYo Soy el Estero\u00bb en Guayaquil"},"content":{"rendered":"<p dir=\"ltr\" style=\"color: #000000; text-align: justify;\">\u00abSi todos los Guayaquile\u00f1os colaboramos, el Estero recuperamos\u00bb<\/p>\n<p dir=\"ltr\" style=\"color: #000000; text-align: justify;\">Con el fin de continuar con el proceso de descontaminaci\u00f3n y remediciaci\u00f3n del Estero Salado, el Ministerio de Ambiente del Ecuador (MAE) hizo el lanzamiento oficial de la Campa\u00f1a \u00abYo Soy el Estero\u00bb.<\/p>\n<p dir=\"ltr\" style=\"color: #000000; text-align: justify;\">El evento se llev\u00f3 a cabo en el Muelle Las Fragatas, sur de Guayaquil, con la presencia de la Ministra de Ambiente, Lorena Tapia y el cantante ecuatoriano AUDI, la voz oficial de esta nueva campa\u00f1a. \u00ab<\/p>\n<p dir=\"ltr\" style=\"color: #000000; text-align: justify;\">\u00abYo Soy el Estero\u00bb es una campa\u00f1a amigable que busca cambiar los h\u00e1bitos de la ciudadan\u00eda, despertando su inter\u00e9s por convertirse en actores principales de la limpieza de este importante brazo de\u00a0<span id=\"OBJ_PREFIX_DWT1858_com_zimbra_date\" class=\"Object\" style=\"color: #00008b;\">mar<\/span>.<\/p>\n<p dir=\"ltr\" style=\"color: #000000; text-align: justify;\">Para ello, el Ministerio del Ambiente a colocado vallas en diferentes puntos de Guayaquil y adem\u00e1s a difundido un video comunicacional de la canci\u00f3n \u00abYo Soy el Estero\u00bb en todos los medios de comunicaci\u00f3n para llegar con su mensaje \u00abEl Estero no es un Basurero\u00bb en la voz de AUDI.<\/p>\n<p dir=\"ltr\" style=\"color: #000000; text-align: justify;\">\u00abLa gente est\u00e1 reaccionando, los guayaquile\u00f1os estamos entendiendo que el Estero es nuestro y hay que cuidarlo. Nosotros impulsamos campa\u00f1as ambientales permanentes y eso est\u00e1 dando buenos resultados\u00bb dijo la Ministra de Ambiente, Lorena Tapia.<\/p>\n<p dir=\"ltr\" style=\"color: #000000; text-align: justify;\">Una de las mayores causas de contaminaci\u00f3n del Estero Salado son las descargas dom\u00e9sticas e industriales; el trabajo en este sentido a sido arduo, el Ministerio del Ambiente a sancionado a 80 empresas y cerrado 5 por contaminar este brazo de\u00a0<span id=\"OBJ_PREFIX_DWT1859_com_zimbra_date\" class=\"Object\" style=\"color: #00008b;\">mar<\/span>.<\/p>\n<p dir=\"ltr\" style=\"color: #000000; text-align: justify;\">La meta del MAE es descontaminar por completo el Estero Salado hasta el 2017 a trav\u00e9s de diferentes iniciativas para construir un Ecuador Verde.<\/p>\n","protected":false},"excerpt":{"rendered":"<p class=\"excerpt\">\u00abSi todos los Guayaquile\u00f1os colaboramos, el Estero recuperamos\u00bb Con el fin de continuar con el proceso de descontaminaci\u00f3n y remediciaci\u00f3n del Estero Salado, el Ministerio de Ambiente del Ecuador (MAE) hizo el lanzamiento oficial de la Campa\u00f1a \u00abYo Soy el Estero\u00bb. El evento se llev\u00f3 a cabo en el Muelle Las Fragatas, sur de Guayaquil, con la presencia de la&hellip; <a href=\"https:\/\/www.ambienteyenergia.gob.ec\/ambiente\/mae-impulsa-la-campana-yo-soy-el-estero-en-guayaquil\/\">Read more &rarr;<\/a><\/p>\n","protected":false},"author":13,"featured_media":23616,"comment_status":"open","ping_status":"open","sticky":false,"template":"","format":"standard","meta":{"footnotes":""},"categories":[16,4],"tags":[],"class_list":["post-23615","post","type-post","status-publish","format-standard","has-post-thumbnail","hentry","category-comunicamos","category-noticias","xfolkentry"],"_links":{"self":[{"href":"https:\/\/www.ambienteyenergia.gob.ec\/ambiente\/wp-json\/wp\/v2\/posts\/23615","targetHints":{"allow":["GET"]}}],"collection":[{"href":"https:\/\/www.ambienteyenergia.gob.ec\/ambiente\/wp-json\/wp\/v2\/posts"}],"about":[{"href":"https:\/\/www.ambienteyenergia.gob.ec\/ambiente\/wp-json\/wp\/v2\/types\/post"}],"author":[{"embeddable":true,"href":"https:\/\/www.ambienteyenergia.gob.ec\/ambiente\/wp-json\/wp\/v2\/users\/13"}],"replies":[{"embeddable":true,"href":"https:\/\/www.ambienteyenergia.gob.ec\/ambiente\/wp-json\/wp\/v2\/comments?post=23615"}],"version-history":[{"count":0,"href":"https:\/\/www.ambienteyenergia.gob.ec\/ambiente\/wp-json\/wp\/v2\/posts\/23615\/revisions"}],"wp:featuredmedia":[{"embeddable":true,"href":"https:\/\/www.ambienteyenergia.gob.ec\/ambiente\/wp-json\/wp\/v2\/media\/23616"}],"wp:attachment":[{"href":"https:\/\/www.ambienteyenergia.gob.ec\/ambiente\/wp-json\/wp\/v2\/media?parent=23615"}],"wp:term":[{"taxonomy":"category","embeddable":true,"href":"https:\/\/www.ambienteyenergia.gob.ec\/ambiente\/wp-json\/wp\/v2\/categories?post=23615"},{"taxonomy":"post_tag","embeddable":true,"href":"https:\/\/www.ambienteyenergia.gob.ec\/ambiente\/wp-json\/wp\/v2\/tags?post=23615"}],"curies":[{"name":"wp","href":"https:\/\/api.w.org\/{rel}","templated":true}]}}