{"id":23610,"date":"2014-12-02T11:48:39","date_gmt":"2014-12-02T16:48:39","guid":{"rendered":"http:\/\/www.ambiente.gob.ec\/?p=23610"},"modified":"2014-12-02T16:35:07","modified_gmt":"2014-12-02T21:35:07","slug":"el-programa-nacional-de-gestion-integral-de-desechos-solidos-mae-pngids-difundio-los-resultados-de-su-gestion","status":"publish","type":"post","link":"https:\/\/www.ambienteyenergia.gob.ec\/ambiente\/el-programa-nacional-de-gestion-integral-de-desechos-solidos-mae-pngids-difundio-los-resultados-de-su-gestion\/","title":{"rendered":"El Programa Nacional de Gesti\u00f3n Integral de Desechos S\u00f3lidos (MAE \u2013 PNGIDS) difundi\u00f3 los resultados de su gesti\u00f3n"},"content":{"rendered":"<p style=\"text-align: justify;\">El Ministerio del Ambiente (MAE), a trav\u00e9s de su Programa Nacional para la Gesti\u00f3n Integral de Residuos S\u00f3lidos (PNGIDS), realiz\u00f3 en Quito la difusi\u00f3n de los resultados alcanzados en el a\u00f1o 2014 y la proyecci\u00f3n hasta el a\u00f1o 2017.<\/p>\n<p style=\"text-align: justify;\">Las acciones en lo referente a la reducci\u00f3n de pasivos ambientales, mediante el cierre t\u00e9cnico de botaderos; la creaci\u00f3n de pol\u00edticas p\u00fablicas de gesti\u00f3n integral de residuos s\u00f3lidos y mancomunamiento; el reciclaje de residuos ordinarios y el tratamiento de residuos especiales fueron expuestos en este evento.<\/p>\n<p style=\"text-align: justify;\">Este encuentro cont\u00f3 con la presencia de la se\u00f1ora ministra, Lorena Tapia, y de importantes autoridades ambientales como: Paola Carrera, Subsecretaria de Calidad Ambiental; Paula Guerra, Gerente del PNGIDS; los alcaldes de los 221 GAD municipales y funcionarios de otras carteras de Estado.<\/p>\n<p style=\"text-align: justify;\">\u201cLa cadena de gesti\u00f3n integral de residuos s\u00f3lidos involucra un salto hacia una econom\u00eda eficienteque aprovecha sus desechos para generar nuevos encadenamientos productivos. El trabajo coordinado entre Municipios, empresa privada y ciudadan\u00eda es esencial para un correcto manejo de desechos\u201d, se\u00f1al\u00f3 Paula Guerra, Gerente del PNGIDS.<\/p>\n<p style=\"text-align: justify;\">De igual manera, Paola Carrera, Subsecretar\u00eda de Calidad Ambiental, se refiri\u00f3 a las regularizaciones para lograr en conjunto un Ecuador Verde. \u201cPara el MAE lograr calidad ambiental significa aumentar la calidad de vida para los ecuatorianos\u201d.<\/p>\n<p style=\"text-align: justify;\">Finalmente, la Ministra Lorena Tapia indic\u00f3 que hasta hace poco hablar de gesti\u00f3n integral de residuos s\u00f3lidos era impensable en el pa\u00eds y por eso destac\u00f3 el objetivo del encuentro. \u201cQu\u00e9 mejor motivo para estar reunidos que la gesti\u00f3n integral de los residuos s\u00f3lidos en el Ecuador. No es un camino f\u00e1cil pero nos gustan los retos. S\u00e9 que pronto seremos un referente en gesti\u00f3n de residuos s\u00f3lidos a nivel internacional\u201d.<\/p>\n<p style=\"text-align: justify;\">Adicionalmente, antes de la presentaci\u00f3n de los resultados se entregaron 11 estudios de cierre t\u00e9cnico de botaderos a los alcaldes de los cantones: Nobol, La Man\u00e1, Latacunga, Ba\u00f1os, Mera, Saraguro, Las Lajas, Atahualpa, Portovelo, Macas y Suc\u00faa. Con esta entrega, ascienden a 109 los GAD Municipales beneficiados con estos estudios para su implementaci\u00f3n inmediata, ya que los mismos cuentan con viabilidad t\u00e9cnica.<\/p>\n<p style=\"text-align: justify;\">Sa\u00fal C\u00e1rdenas, Alcalde de Suc\u00faa, agradeci\u00f3 p\u00fablicamente al MAE en nombre de los municipios de la Amazon\u00eda por los estudios entregados. \u201cAntes no se nos inclu\u00eda en las decisiones importantes de transformaci\u00f3n del pa\u00eds pero hoy gracias a la coordinaci\u00f3n interinstitucional nos damos cuenta de que se pueden lograr grandes cambios\u201d.<\/p>\n<p style=\"text-align: justify;\"><b style=\"color: #000000;\">\u00a0<span id=\"OBJ_PREFIX_DWT1982_com_zimbra_url\" class=\"Object-hover\" style=\"color: #00008b;\"><a style=\"color: #00008b;\" href=\"http:\/\/youtu.be\/CH5OslHC8YA\" target=\"_blank\">http:\/\/youtu.be\/CH5OslHC8YA<\/a><\/span><\/b><\/p>\n","protected":false},"excerpt":{"rendered":"<p class=\"excerpt\">El Ministerio del Ambiente (MAE), a trav\u00e9s de su Programa Nacional para la Gesti\u00f3n Integral de Residuos S\u00f3lidos (PNGIDS), realiz\u00f3 en Quito la difusi\u00f3n de los resultados alcanzados en el a\u00f1o 2014 y la proyecci\u00f3n hasta el a\u00f1o 2017. Las acciones en lo referente a la reducci\u00f3n de pasivos ambientales, mediante el cierre t\u00e9cnico de botaderos; la creaci\u00f3n de pol\u00edticas&hellip; <a href=\"https:\/\/www.ambienteyenergia.gob.ec\/ambiente\/el-programa-nacional-de-gestion-integral-de-desechos-solidos-mae-pngids-difundio-los-resultados-de-su-gestion\/\">Read more &rarr;<\/a><\/p>\n","protected":false},"author":13,"featured_media":23613,"comment_status":"open","ping_status":"open","sticky":false,"template":"","format":"standard","meta":{"footnotes":""},"categories":[16,4],"tags":[],"class_list":["post-23610","post","type-post","status-publish","format-standard","has-post-thumbnail","hentry","category-comunicamos","category-noticias","xfolkentry"],"_links":{"self":[{"href":"https:\/\/www.ambienteyenergia.gob.ec\/ambiente\/wp-json\/wp\/v2\/posts\/23610","targetHints":{"allow":["GET"]}}],"collection":[{"href":"https:\/\/www.ambienteyenergia.gob.ec\/ambiente\/wp-json\/wp\/v2\/posts"}],"about":[{"href":"https:\/\/www.ambienteyenergia.gob.ec\/ambiente\/wp-json\/wp\/v2\/types\/post"}],"author":[{"embeddable":true,"href":"https:\/\/www.ambienteyenergia.gob.ec\/ambiente\/wp-json\/wp\/v2\/users\/13"}],"replies":[{"embeddable":true,"href":"https:\/\/www.ambienteyenergia.gob.ec\/ambiente\/wp-json\/wp\/v2\/comments?post=23610"}],"version-history":[{"count":0,"href":"https:\/\/www.ambienteyenergia.gob.ec\/ambiente\/wp-json\/wp\/v2\/posts\/23610\/revisions"}],"wp:featuredmedia":[{"embeddable":true,"href":"https:\/\/www.ambienteyenergia.gob.ec\/ambiente\/wp-json\/wp\/v2\/media\/23613"}],"wp:attachment":[{"href":"https:\/\/www.ambienteyenergia.gob.ec\/ambiente\/wp-json\/wp\/v2\/media?parent=23610"}],"wp:term":[{"taxonomy":"category","embeddable":true,"href":"https:\/\/www.ambienteyenergia.gob.ec\/ambiente\/wp-json\/wp\/v2\/categories?post=23610"},{"taxonomy":"post_tag","embeddable":true,"href":"https:\/\/www.ambienteyenergia.gob.ec\/ambiente\/wp-json\/wp\/v2\/tags?post=23610"}],"curies":[{"name":"wp","href":"https:\/\/api.w.org\/{rel}","templated":true}]}}