{"id":23607,"date":"2014-12-01T16:31:06","date_gmt":"2014-12-01T21:31:06","guid":{"rendered":"http:\/\/www.ambiente.gob.ec\/?p=23607"},"modified":"2014-12-01T16:31:06","modified_gmt":"2014-12-01T21:31:06","slug":"muisne-se-capacito-sobre-lineamientos-de-cambio-climatico","status":"publish","type":"post","link":"https:\/\/www.ambienteyenergia.gob.ec\/ambiente\/muisne-se-capacito-sobre-lineamientos-de-cambio-climatico\/","title":{"rendered":"Muisne se capacit\u00f3 sobre lineamientos de cambio clim\u00e1tico"},"content":{"rendered":"<p lang=\"zxx\" style=\"background: #ffffff;\" align=\"JUSTIFY\"><span style=\"font-family: Arial,sans-serif;\">El Ministerio del Ambiente de Ecuador (MAE), a trav\u00e9s de la Subsecretar\u00eda de Cambio Clim\u00e1tico, en colaboraci\u00f3n con la Cooperaci\u00f3n Alemana al Desarrollo (GIZ, por sus siglas en alem\u00e1n), capacit\u00f3 a los funcionarios del Gobierno Aut\u00f3nomo Descentralizado Municipal (GAD) de Muisne en el taller \u201cFortalecimiento de capacidades t\u00e9cnicas en cambio clim\u00e1tico e integraci\u00f3n del enfoque en la planificaci\u00f3n del territorio\u201d.<\/span><\/p>\n<p align=\"JUSTIFY\"><span style=\"font-family: Arial,sans-serif;\"><span lang=\"zxx\">El objetivo del taller fue capacitar a t\u00e9cnicos municipales para reforzar sus conocimientos en conceptos b\u00e1sicos de cambio clim\u00e1tico y en la aplicaci\u00f3n de los Lineamientos Generales de Cambio Clim\u00e1tico para Gobiernos Aut\u00f3nomos Descentralizados (GAD).<\/span><\/span><\/p>\n<p style=\"background: #ffffff;\" align=\"JUSTIFY\"><span style=\"font-family: Arial,sans-serif;\"><span lang=\"zxx\">Asimismo, dentro del taller se realizaron grupos de trabajo para<\/span><\/span> <span style=\"font-family: Arial,sans-serif;\"><span lang=\"zxx\">identificar las principales causas e impactos de esta problem\u00e1tica, se present\u00f3 el Marco Normativo e Institucional de Cambio Clim\u00e1tico y se socializ\u00f3 la Gu\u00eda Explicativa para incorporar criterios en relaci\u00f3n a este tema en la planificaci\u00f3n local.\/ss-ds<\/span><\/span><\/p>\n","protected":false},"excerpt":{"rendered":"<p class=\"excerpt\">El Ministerio del Ambiente de Ecuador (MAE), a trav\u00e9s de la Subsecretar\u00eda de Cambio Clim\u00e1tico, en colaboraci\u00f3n con la Cooperaci\u00f3n Alemana al Desarrollo (GIZ, por sus siglas en alem\u00e1n), capacit\u00f3 a los funcionarios del Gobierno Aut\u00f3nomo Descentralizado Municipal (GAD) de Muisne en el taller \u201cFortalecimiento de capacidades t\u00e9cnicas en cambio clim\u00e1tico e integraci\u00f3n del enfoque en la planificaci\u00f3n del territorio\u201d.&hellip; <a href=\"https:\/\/www.ambienteyenergia.gob.ec\/ambiente\/muisne-se-capacito-sobre-lineamientos-de-cambio-climatico\/\">Read more &rarr;<\/a><\/p>\n","protected":false},"author":13,"featured_media":23608,"comment_status":"open","ping_status":"open","sticky":false,"template":"","format":"standard","meta":{"footnotes":""},"categories":[16,4],"tags":[],"class_list":["post-23607","post","type-post","status-publish","format-standard","has-post-thumbnail","hentry","category-comunicamos","category-noticias","xfolkentry"],"_links":{"self":[{"href":"https:\/\/www.ambienteyenergia.gob.ec\/ambiente\/wp-json\/wp\/v2\/posts\/23607","targetHints":{"allow":["GET"]}}],"collection":[{"href":"https:\/\/www.ambienteyenergia.gob.ec\/ambiente\/wp-json\/wp\/v2\/posts"}],"about":[{"href":"https:\/\/www.ambienteyenergia.gob.ec\/ambiente\/wp-json\/wp\/v2\/types\/post"}],"author":[{"embeddable":true,"href":"https:\/\/www.ambienteyenergia.gob.ec\/ambiente\/wp-json\/wp\/v2\/users\/13"}],"replies":[{"embeddable":true,"href":"https:\/\/www.ambienteyenergia.gob.ec\/ambiente\/wp-json\/wp\/v2\/comments?post=23607"}],"version-history":[{"count":0,"href":"https:\/\/www.ambienteyenergia.gob.ec\/ambiente\/wp-json\/wp\/v2\/posts\/23607\/revisions"}],"wp:featuredmedia":[{"embeddable":true,"href":"https:\/\/www.ambienteyenergia.gob.ec\/ambiente\/wp-json\/wp\/v2\/media\/23608"}],"wp:attachment":[{"href":"https:\/\/www.ambienteyenergia.gob.ec\/ambiente\/wp-json\/wp\/v2\/media?parent=23607"}],"wp:term":[{"taxonomy":"category","embeddable":true,"href":"https:\/\/www.ambienteyenergia.gob.ec\/ambiente\/wp-json\/wp\/v2\/categories?post=23607"},{"taxonomy":"post_tag","embeddable":true,"href":"https:\/\/www.ambienteyenergia.gob.ec\/ambiente\/wp-json\/wp\/v2\/tags?post=23607"}],"curies":[{"name":"wp","href":"https:\/\/api.w.org\/{rel}","templated":true}]}}