{"id":23597,"date":"2014-11-28T16:40:52","date_gmt":"2014-11-28T21:40:52","guid":{"rendered":"http:\/\/www.ambiente.gob.ec\/?p=23597"},"modified":"2014-11-28T20:23:27","modified_gmt":"2014-11-29T01:23:27","slug":"el-mae-monitorea-una-cria-de-condor-localizada-en-el-canton-nabon","status":"publish","type":"post","link":"https:\/\/www.ambienteyenergia.gob.ec\/ambiente\/el-mae-monitorea-una-cria-de-condor-localizada-en-el-canton-nabon\/","title":{"rendered":"El MAE monitorea una cr\u00eda de c\u00f3ndor localizada en el Cant\u00f3n Nab\u00f3n"},"content":{"rendered":"<p style=\"text-align: justify;\">El Ministerio de Ambiente del Ecuador (MAE), a trav\u00e9s de su Direcci\u00f3n Provincial en Azuay, realiza un seguimiento continuo en la zona del cant\u00f3n Nab\u00f3n desde el mes de Abril del 2013, fecha en el que se conoci\u00f3 de la existencia de un nido de c\u00f3ndor en este sector.<\/p>\n<p style=\"text-align: justify;\">Se trata de una hembra C\u00f3ndor Andino (Vultur gryphus) de entre 6 y 8 meses que se encuentra en perfecto estado de salud. Se presume adem\u00e1s, que a\u00fan es alimentada por sus padres debido a la continua presencia de una pareja de c\u00f3ndores que vuelan en los alrededores del nido.<\/p>\n<p style=\"text-align: justify;\">Ahora el Ministerio del Ambiente trabaja conjuntamente con el GAD de Nab\u00f3n para coordinar acciones de protecci\u00f3n, con la finalidad de sustentar t\u00e9cnicamente la creaci\u00f3n de un \u00e1rea estrat\u00e9gica de conservaci\u00f3n del c\u00f3ndor andino y garantizar las condiciones ecol\u00f3gicas para esta y otras especies del cant\u00f3n de Nab\u00f3n.<\/p>\n<p style=\"text-align: justify;\">Es importante se\u00f1alar que el MAE, ha venido llevando a cabo la socializaci\u00f3n sobre conservaci\u00f3n de h\u00e1bitats en el Sistema Nacional \u00c1reas Protegidas; estudios de las poblaciones en cautiverio y silvestres; campa\u00f1as anuales de sensibilizaci\u00f3n en zonas de avistamiento; e Implementaci\u00f3n de la Estrategia Nacional del C\u00f3ndor Andino.<\/p>\n<p style=\"text-align: justify;\">El MAE continuar\u00e1 con los monitoreos y coordinaciones respectivas en el sitio para brindar seguridad a estas emblem\u00e1ticas aves.<\/p>\n<p><strong>El Dato<\/strong><\/p>\n<p>Se presume que la cr\u00eda ser\u00eda de los mismos padres de Arturo (c\u00f3ndor) que naci\u00f3 en abril del 2012.<\/p>\n<p>En el Ecuador existen 50 c\u00f3ndores en estado silvestre y 18 c\u00f3ndores en cautiverio, seg\u00fan el \u00faltimo censo realizado en el 2009.<\/p>\n","protected":false},"excerpt":{"rendered":"<p class=\"excerpt\">El Ministerio de Ambiente del Ecuador (MAE), a trav\u00e9s de su Direcci\u00f3n Provincial en Azuay, realiza un seguimiento continuo en la zona del cant\u00f3n Nab\u00f3n desde el mes de Abril del 2013, fecha en el que se conoci\u00f3 de la existencia de un nido de c\u00f3ndor en este sector. Se trata de una hembra C\u00f3ndor Andino (Vultur gryphus) de entre&hellip; <a href=\"https:\/\/www.ambienteyenergia.gob.ec\/ambiente\/el-mae-monitorea-una-cria-de-condor-localizada-en-el-canton-nabon\/\">Read more &rarr;<\/a><\/p>\n","protected":false},"author":13,"featured_media":23598,"comment_status":"open","ping_status":"open","sticky":false,"template":"","format":"standard","meta":{"footnotes":""},"categories":[16,4],"tags":[387],"class_list":["post-23597","post","type-post","status-publish","format-standard","has-post-thumbnail","hentry","category-comunicamos","category-noticias","tag-mae-lorena-tapia","xfolkentry"],"_links":{"self":[{"href":"https:\/\/www.ambienteyenergia.gob.ec\/ambiente\/wp-json\/wp\/v2\/posts\/23597","targetHints":{"allow":["GET"]}}],"collection":[{"href":"https:\/\/www.ambienteyenergia.gob.ec\/ambiente\/wp-json\/wp\/v2\/posts"}],"about":[{"href":"https:\/\/www.ambienteyenergia.gob.ec\/ambiente\/wp-json\/wp\/v2\/types\/post"}],"author":[{"embeddable":true,"href":"https:\/\/www.ambienteyenergia.gob.ec\/ambiente\/wp-json\/wp\/v2\/users\/13"}],"replies":[{"embeddable":true,"href":"https:\/\/www.ambienteyenergia.gob.ec\/ambiente\/wp-json\/wp\/v2\/comments?post=23597"}],"version-history":[{"count":0,"href":"https:\/\/www.ambienteyenergia.gob.ec\/ambiente\/wp-json\/wp\/v2\/posts\/23597\/revisions"}],"wp:featuredmedia":[{"embeddable":true,"href":"https:\/\/www.ambienteyenergia.gob.ec\/ambiente\/wp-json\/wp\/v2\/media\/23598"}],"wp:attachment":[{"href":"https:\/\/www.ambienteyenergia.gob.ec\/ambiente\/wp-json\/wp\/v2\/media?parent=23597"}],"wp:term":[{"taxonomy":"category","embeddable":true,"href":"https:\/\/www.ambienteyenergia.gob.ec\/ambiente\/wp-json\/wp\/v2\/categories?post=23597"},{"taxonomy":"post_tag","embeddable":true,"href":"https:\/\/www.ambienteyenergia.gob.ec\/ambiente\/wp-json\/wp\/v2\/tags?post=23597"}],"curies":[{"name":"wp","href":"https:\/\/api.w.org\/{rel}","templated":true}]}}