{"id":23595,"date":"2014-11-24T08:22:58","date_gmt":"2014-11-24T13:22:58","guid":{"rendered":"http:\/\/www.ambiente.gob.ec\/?p=23595"},"modified":"2014-11-28T18:24:57","modified_gmt":"2014-11-28T23:24:57","slug":"cooperacion-ecuatoriana-alemana-fomentan-la-investigacion-cientifica-orientada-por-la-demanda-de-la-practica-sobre-biodiversidad-y-cambio-climatico","status":"publish","type":"post","link":"https:\/\/www.ambienteyenergia.gob.ec\/ambiente\/cooperacion-ecuatoriana-alemana-fomentan-la-investigacion-cientifica-orientada-por-la-demanda-de-la-practica-sobre-biodiversidad-y-cambio-climatico\/","title":{"rendered":"Cooperaci\u00f3n ecuatoriana-alemana fomentan la investigaci\u00f3n cient\u00edfica orientada por la demanda de la pr\u00e1ctica sobre biodiversidad y cambio clim\u00e1tico"},"content":{"rendered":"<p style=\"text-align: justify;\">La Secretaria de Patrimonio Natural del Ministerio del Ambiente de Ecuador (MAE) present\u00f3 el programa de investigaci\u00f3n cient\u00edfica en el marco de la creaci\u00f3n del Instituto Nacional de Biodiversidad, apoyado en el Plan Nacional del Buen Vivir que resalta el desarrollo social a trav\u00e9s del fomento al Bioconocimiento.<\/p>\n<p style=\"text-align: justify;\">\n<p style=\"text-align: justify;\">El MAE, conjuntamente con otras instituciones de Gobierno como la Secretar\u00eda Nacional de Planificaci\u00f3n y Desarrollo (SENPLADES) y la Secretar\u00eda Nacional de Educaci\u00f3n Superior, Ciencia, Tecnolog\u00eda e Innovaci\u00f3n (SENESCYT) ha creado el Instituto Nacional de Biodiversidad con el objetivo de planificar, gestionar y promover procesos de investigaci\u00f3n en \u00e1reas protegidas y elementos de la biodiversidad.<\/p>\n<p style=\"text-align: justify;\">\n<p style=\"text-align: justify;\">La meta de este programa es fomentar la investigaci\u00f3n aplicada sobre la biodiversidad y el cambio clim\u00e1tico para alcanzar los objetivos del Plan Nacional del Buen Vivir, esperando fortalecer las capacidades del Instituto Nacional de la Biodiversidad en relaci\u00f3n a la generaci\u00f3n de bioconocimiento y el Cambio de la Matriz Productiva. A m\u00e1s de profundizar el conocimiento y cooperaci\u00f3n, investigar usos potenciales, desarrollo de tecnolog\u00edas e innovaciones y potenciar el conocimiento en el \u00e1mbito de la biodiversidad con institutos y universidades nacionales, con la creaci\u00f3n de proyectos de cooperaci\u00f3n acad\u00e9mica, cient\u00edfico-tecnol\u00f3gica en estas \u00e1reas.<\/p>\n<p style=\"text-align: justify;\">\n<p style=\"text-align: justify;\">Como parte de este proyecto de investigaci\u00f3n cient\u00edfica, Cooperaci\u00f3n Alemana enfatiz\u00f3 su inter\u00e9s en fortalecer el \u00e1rea de investigaci\u00f3n y talento humano, sobre todo del trabajo en investigaci\u00f3n aplicada. En esta iniciativa se asignar\u00e1 un monto de hasta 3 millones de euros. Este es un complemento a los programas que se realizan en esta \u00e1rea prioritaria.<\/p>\n<p style=\"text-align: justify;\">\n<p style=\"text-align: justify;\">Por su parte la delegaci\u00f3n ecuatoriana mencion\u00f3 que es necesario, a la par de la construcci\u00f3n t\u00e9cnica del programa, establecer un modelo de gesti\u00f3n y mencion\u00f3, adem\u00e1s que se puede tomar como referente el modelo de gesti\u00f3n del Programa de Fortalecimiento del Buen Gobierno.<\/p>\n<p style=\"text-align: justify;\">\n<p style=\"text-align: justify;\">La delegaci\u00f3n ecuatoriana ratific\u00f3 que el modelo de gesti\u00f3n tiene que ser construido al inicio del programa para minimizar los posibles retrasos.<\/p>\n<p style=\"text-align: justify;\">\n<p style=\"text-align: justify;\">Adem\u00e1s esta Cartera de Estado realiz\u00f3 una presentaci\u00f3n sobre la aplicaci\u00f3n del Programa ProCamB\u00edo, mismo que tiene el objetivo de asegurar la estabilidad y funcionalidad de los ecosistemas frente a los impactos producidos por la variabilidad de Cambio Clim\u00e1tico, contribuyendo a mejorar las condiciones de vida de la poblaci\u00f3n, a trav\u00e9s de la aplicaci\u00f3n de estrategias sostenibles de gesti\u00f3n del territorio de ecosistemas fr\u00e1giles, a trav\u00e9s de la aplicaci\u00f3n de tecnolog\u00edas innovadoras para el usos sostenible de la diversidad biol\u00f3gica.<\/p>\n<p style=\"text-align: justify;\"><strong>\u00a0<\/strong><\/p>\n<p style=\"text-align: justify;\">En este sentido, Cooperaci\u00f3n Alemana asignar\u00e1 cerca de 9 millones de euros, y se realizar\u00e1, adem\u00e1s programas de evaluaci\u00f3n en el primer semestre de 2015, la cual ser\u00e1 financiado con el fondo de estudios y expertos.<\/p>\n<p style=\"text-align: justify;\">\n<strong>Programa de Apoyo al Sistema Nacional \u00c1reas Protegidas &#8211; SNAP (CF) (Ampliaci\u00f3n)<\/strong><\/p>\n<p style=\"text-align: justify;\">\n<p style=\"text-align: justify;\">Cooperaci\u00f3n alemana asign\u00f3 un monto adicional de 8 millones de euros para una segunda fase del programa de apoyo al SNAP. Esta asignaci\u00f3n adicional servir\u00e1 sobre todo para fomentar el trabajo del sistema de \u00e1reas protegidas de los Gobiernos Aut\u00f3nomos Descentralizados (GAD) y de comunidades al Sistema Nacional de \u00c1reas Protegidas.<\/p>\n<p style=\"text-align: justify;\">\n<strong>Cooperaci\u00f3n Programa Global REDD para Early Movers (REM) (CT\/CF)<\/strong><\/p>\n<p style=\"text-align: justify;\">\n<p style=\"text-align: justify;\">Fondos REM es una iniciativa que se ha creado a partir de la propuesta presentada por la Canciller Angela Merkel, para reducir las emisiones de CO2 a nivel global. Los mecanismos de implementaci\u00f3n a\u00fan no se han definido a nivel internacional, pero el Gobierno Alem\u00e1n ha iniciado procesos de negociaci\u00f3n para implementar este mecanismo que recompensa a pa\u00edses que reducen sus emisiones.<\/p>\n<p style=\"text-align: justify;\">\n<h3 style=\"text-align: justify;\">La Secretar\u00eda T\u00e9cnica de Cooperaci\u00f3n Internacional (SETECI) coment\u00f3 que para el Ecuador es importante que estas iniciativas est\u00e9n avaladas por el Ministerio Sectorial competente, por la posici\u00f3n del pa\u00eds en temas ambientales internacionales, que se han desarrollado a trav\u00e9s de la Canciller\u00eda.<\/h3>\n<p style=\"text-align: justify;\">\n<p style=\"text-align: justify;\">La delegaci\u00f3n alemana destac\u00f3 al Ecuador como uno de los l\u00edderes a nivel mundial en la promoci\u00f3n de un enfoque de pol\u00edticas e incentivos REDD+.<\/p>\n<p style=\"text-align: justify;\">Consecuentemente Alemania propone fondos adicionales de la cooperaci\u00f3n financiera no reembolsable por 11 millones de Euros para la implementaci\u00f3n de REDD+ en el Ecuador.<\/p>\n<p style=\"text-align: justify;\">Ambas partes manifestaron su deseo de ampliar, a trav\u00e9s del programa REDD+ para Early Movers (REM) y con posibles aportes adicionales de Noruega mediante el mismo programa, acciones conjuntas para enfrentar el cambio clim\u00e1tico de conformidad con los compromisos de financiamiento de la Convenci\u00f3n Marco de las Naciones Unidas sobre el Cambio Clim\u00e1tico (CMNUCC) bajo la modalidad de pagos por resultados por reducci\u00f3n de emisiones por deforestaci\u00f3n, en concordancia con las respectivas decisiones de financiamiento de REDD+.<\/p>\n<p style=\"text-align: justify;\">Ambas Partes expresan su compromiso para firmar el contrato en el \u00e1rea clave de REDD+ durante la Conferencia de las Partes de la CMNUCC (COP 20), en Lima, Per\u00fa.<\/p>\n","protected":false},"excerpt":{"rendered":"<p class=\"excerpt\">La Secretaria de Patrimonio Natural del Ministerio del Ambiente de Ecuador (MAE) present\u00f3 el programa de investigaci\u00f3n cient\u00edfica en el marco de la creaci\u00f3n del Instituto Nacional de Biodiversidad, apoyado en el Plan Nacional del Buen Vivir que resalta el desarrollo social a trav\u00e9s del fomento al Bioconocimiento. El MAE, conjuntamente con otras instituciones de Gobierno como la Secretar\u00eda Nacional&hellip; <a href=\"https:\/\/www.ambienteyenergia.gob.ec\/ambiente\/cooperacion-ecuatoriana-alemana-fomentan-la-investigacion-cientifica-orientada-por-la-demanda-de-la-practica-sobre-biodiversidad-y-cambio-climatico\/\">Read more &rarr;<\/a><\/p>\n","protected":false},"author":13,"featured_media":23214,"comment_status":"open","ping_status":"open","sticky":false,"template":"","format":"standard","meta":{"footnotes":""},"categories":[16,4],"tags":[387],"class_list":["post-23595","post","type-post","status-publish","format-standard","has-post-thumbnail","hentry","category-comunicamos","category-noticias","tag-mae-lorena-tapia","xfolkentry"],"_links":{"self":[{"href":"https:\/\/www.ambienteyenergia.gob.ec\/ambiente\/wp-json\/wp\/v2\/posts\/23595","targetHints":{"allow":["GET"]}}],"collection":[{"href":"https:\/\/www.ambienteyenergia.gob.ec\/ambiente\/wp-json\/wp\/v2\/posts"}],"about":[{"href":"https:\/\/www.ambienteyenergia.gob.ec\/ambiente\/wp-json\/wp\/v2\/types\/post"}],"author":[{"embeddable":true,"href":"https:\/\/www.ambienteyenergia.gob.ec\/ambiente\/wp-json\/wp\/v2\/users\/13"}],"replies":[{"embeddable":true,"href":"https:\/\/www.ambienteyenergia.gob.ec\/ambiente\/wp-json\/wp\/v2\/comments?post=23595"}],"version-history":[{"count":0,"href":"https:\/\/www.ambienteyenergia.gob.ec\/ambiente\/wp-json\/wp\/v2\/posts\/23595\/revisions"}],"wp:featuredmedia":[{"embeddable":true,"href":"https:\/\/www.ambienteyenergia.gob.ec\/ambiente\/wp-json\/wp\/v2\/media\/23214"}],"wp:attachment":[{"href":"https:\/\/www.ambienteyenergia.gob.ec\/ambiente\/wp-json\/wp\/v2\/media?parent=23595"}],"wp:term":[{"taxonomy":"category","embeddable":true,"href":"https:\/\/www.ambienteyenergia.gob.ec\/ambiente\/wp-json\/wp\/v2\/categories?post=23595"},{"taxonomy":"post_tag","embeddable":true,"href":"https:\/\/www.ambienteyenergia.gob.ec\/ambiente\/wp-json\/wp\/v2\/tags?post=23595"}],"curies":[{"name":"wp","href":"https:\/\/api.w.org\/{rel}","templated":true}]}}