{"id":23591,"date":"2014-11-28T18:09:41","date_gmt":"2014-11-28T23:09:41","guid":{"rendered":"http:\/\/www.ambiente.gob.ec\/?p=23591"},"modified":"2014-11-28T18:09:50","modified_gmt":"2014-11-28T23:09:50","slug":"pnuma-felicita-al-ministerio-del-ambiente-por-los-avances-realizados-en-proyecto-redd","status":"publish","type":"post","link":"https:\/\/www.ambienteyenergia.gob.ec\/ambiente\/pnuma-felicita-al-ministerio-del-ambiente-por-los-avances-realizados-en-proyecto-redd\/","title":{"rendered":"PNUMA felicita al Ministerio del Ambiente por los avances realizados en proyecto REDD"},"content":{"rendered":"<p style=\"color: #000000;\" align=\"justify\">El Programa de las Naciones Unidas para el Medio Ambiente (PNUMA) felicit\u00f3 el trabajo que el Ministerio del Ambiente del Ecuador (MAE) realiza en el \u00e1rea de Reducci\u00f3n de Emisiones por Deforestaci\u00f3n y Degradaci\u00f3n de Bosques (REDD), a trav\u00e9s de su mecanismo REDD+ que surgi\u00f3 como una alternativa para contribuir a la mitigaci\u00f3n del cambio clim\u00e1tico con la reducci\u00f3n de emisiones de gases de efecto invernadero (GEI) asociadas a la deforestaci\u00f3n y degradaci\u00f3n de los bosques.<\/p>\n<p style=\"color: #000000;\" align=\"justify\">El equipo de REDD del PNUMA realiz\u00f3 una inspecci\u00f3n y un estudio de las actividades realizadas en el Ecuador, visibilizando grandes avances en el tema de REDD, incluso siendo ejemplo para otros pa\u00edses de la regi\u00f3n. \u201cLa lecciones generadas por Ecuador en las \u00e1reas de soporte legal, an\u00e1lisis de costos y beneficios de REDD+, escenarios de implementaci\u00f3n, reporte y monitoreo entre otros han generado valiosos resultados, no solo para el pa\u00eds sino tambi\u00e9n para otros programas de la regi\u00f3n que han seguido con atenci\u00f3n el proceso ecuatoriano\u201d dijo Margarita Astr\u00e1laga, Directora de PNUMA en una carta oficial entregada a la Ministra del Ambiente, Lorena Tapia.<\/p>\n<p style=\"color: #000000;\" align=\"justify\">El trabajo del MAE se enmarca dentro del plan de desarrollo del buen vivir y adem\u00e1s se establece que el pa\u00eds deber\u00e1 comprometerse a reducir en un 30% la deforestaci\u00f3n para el a\u00f1o 2015, solo as\u00ed aumentar\u00eda las \u00c1reas Protegidas en un porcentaje bastante significativo.<\/p>\n<p style=\"color: #000000;\" align=\"justify\">El Programa Socio Bosque del Ecuador, adem\u00e1s, es un exitoso ejemplo de un esquema voluntario basado en incentivos con objetivos combinados entre ambientales y socioecon\u00f3micos; de esta manera el programa contribuye a mitigar el cambio clim\u00e1tico y como tal es una herramienta valiosa para la implementaci\u00f3n de pol\u00edticas nacionales e internacionales de REDD+.<\/p>\n<p style=\"color: #000000;\" align=\"justify\">Por otro parte, la directora del Programa de las Naciones Unidas para el Medio Ambiente se\u00f1al\u00f3 que tambi\u00e9n PNUMA ha sido uno de los beneficiados por la predisposici\u00f3n del Ministerio del Ambiente, como ejemplo para fijar metas y programas innovadores en beneficio del Medio Ambiente. \u201cIgualmente le confirmo que el PNUMA continuar\u00e1 apoyando dentro de nuestras capacidades t\u00e9cnicas y financieras a su Gobierno en el proceso de REDD+ en Ecuador\u201d, se\u00f1ala la misiva.<\/p>\n<p style=\"color: #000000;\" align=\"justify\">Con este y otros reconocimientos que ha obtenido el MAE, el compromiso de su M\u00e1xima Autoridad Ambiental, Lorena Tapia, es continuar trabajando en la construcci\u00f3n de pol\u00edticas que velen por un Ecuador Verde.<\/p>\n<p style=\"color: #000000;\" align=\"justify\"><a href=\"http:\/\/www.ambienteyenergia.gob.ec\/ambiente\/wp-content\/uploads\/2014\/11\/Carta-REDD+-a-ECUADOR_001.pdf\">Carta REDD+ a ECUADOR_001<\/a><\/p>\n","protected":false},"excerpt":{"rendered":"<p class=\"excerpt\">El Programa de las Naciones Unidas para el Medio Ambiente (PNUMA) felicit\u00f3 el trabajo que el Ministerio del Ambiente del Ecuador (MAE) realiza en el \u00e1rea de Reducci\u00f3n de Emisiones por Deforestaci\u00f3n y Degradaci\u00f3n de Bosques (REDD), a trav\u00e9s de su mecanismo REDD+ que surgi\u00f3 como una alternativa para contribuir a la mitigaci\u00f3n del cambio clim\u00e1tico con la reducci\u00f3n de&hellip; <a href=\"https:\/\/www.ambienteyenergia.gob.ec\/ambiente\/pnuma-felicita-al-ministerio-del-ambiente-por-los-avances-realizados-en-proyecto-redd\/\">Read more &rarr;<\/a><\/p>\n","protected":false},"author":13,"featured_media":18340,"comment_status":"open","ping_status":"open","sticky":false,"template":"","format":"standard","meta":{"footnotes":""},"categories":[16,4],"tags":[387,576],"class_list":["post-23591","post","type-post","status-publish","format-standard","has-post-thumbnail","hentry","category-comunicamos","category-noticias","tag-mae-lorena-tapia","tag-pnuma","xfolkentry"],"_links":{"self":[{"href":"https:\/\/www.ambienteyenergia.gob.ec\/ambiente\/wp-json\/wp\/v2\/posts\/23591","targetHints":{"allow":["GET"]}}],"collection":[{"href":"https:\/\/www.ambienteyenergia.gob.ec\/ambiente\/wp-json\/wp\/v2\/posts"}],"about":[{"href":"https:\/\/www.ambienteyenergia.gob.ec\/ambiente\/wp-json\/wp\/v2\/types\/post"}],"author":[{"embeddable":true,"href":"https:\/\/www.ambienteyenergia.gob.ec\/ambiente\/wp-json\/wp\/v2\/users\/13"}],"replies":[{"embeddable":true,"href":"https:\/\/www.ambienteyenergia.gob.ec\/ambiente\/wp-json\/wp\/v2\/comments?post=23591"}],"version-history":[{"count":0,"href":"https:\/\/www.ambienteyenergia.gob.ec\/ambiente\/wp-json\/wp\/v2\/posts\/23591\/revisions"}],"wp:featuredmedia":[{"embeddable":true,"href":"https:\/\/www.ambienteyenergia.gob.ec\/ambiente\/wp-json\/wp\/v2\/media\/18340"}],"wp:attachment":[{"href":"https:\/\/www.ambienteyenergia.gob.ec\/ambiente\/wp-json\/wp\/v2\/media?parent=23591"}],"wp:term":[{"taxonomy":"category","embeddable":true,"href":"https:\/\/www.ambienteyenergia.gob.ec\/ambiente\/wp-json\/wp\/v2\/categories?post=23591"},{"taxonomy":"post_tag","embeddable":true,"href":"https:\/\/www.ambienteyenergia.gob.ec\/ambiente\/wp-json\/wp\/v2\/tags?post=23591"}],"curies":[{"name":"wp","href":"https:\/\/api.w.org\/{rel}","templated":true}]}}