{"id":23586,"date":"2014-11-28T14:30:15","date_gmt":"2014-11-28T19:30:15","guid":{"rendered":"http:\/\/www.ambiente.gob.ec\/?p=23586"},"modified":"2014-11-28T14:30:15","modified_gmt":"2014-11-28T19:30:15","slug":"el-ministerio-del-ambiente-y-la-caf-presentan-proyecto-bosques-35-para-la-region","status":"publish","type":"post","link":"https:\/\/www.ambienteyenergia.gob.ec\/ambiente\/el-ministerio-del-ambiente-y-la-caf-presentan-proyecto-bosques-35-para-la-region\/","title":{"rendered":"El Ministerio del Ambiente y la CAF presentan Proyecto Bosques-35 para la Regi\u00f3n"},"content":{"rendered":"<p style=\"text-align: justify;\"><span lang=\"ES-EC\">Con el prop\u00f3sito de fortalecer el desarrollo del sector forestal y la conservaci\u00f3n de los bosques a trav\u00e9s de la implementaci\u00f3n de la econom\u00eda verde, el Ministerio de Ambiente del Ecuador (MAE) conjuntamente con el Banco de Desarrollo de Am\u00e9rica Latina (CAF) present\u00f3 oficialmente el Proyecto Bosques-35 para toda la regi\u00f3n.<\/span><\/p>\n<p style=\"text-align: justify;\"><span lang=\"ES-EC\">El evento estuvo dirigido por el Presidente Ejecutivo de CAF, Enrique Garc\u00eda, la Ministra del Ambiente (s) Lorena S\u00e1nchez Rugel y la\u00a0Subsecretaria de Patrimonio Natural, Carla C\u00e1rdenas.\u00a0<\/span><\/p>\n<p style=\"text-align: justify;\"><span lang=\"ES-EC\">\u00abLa regi\u00f3n tiene las mayores reservas de bosques naturales tropicales del mundo, con 57% de la superficie mundial de bosques primarios existe una responsabilidad muy seria de conservarlos\u00bb, expres\u00f3 Garc\u00eda en apoyo a la gesti\u00f3n que realiza esta Cartera de Estado en pro de un Ecuador Verde.<\/span><\/p>\n<p style=\"text-align: justify;\"><span lang=\"ES-EC\">Por ello, esta iniciativa est\u00e1 estructurada bajo cinco componentes que promueven una econom\u00eda verde, es decir, econom\u00edas bajas en carbono y resilientes al cambio clim\u00e1tico a trav\u00e9s de una inclusi\u00f3n social en sus pa\u00edses miembros. As\u00ed se se\u00f1ala:<\/span><\/p>\n<p style=\"text-align: justify;\"><span lang=\"ES-EC\">1) La reducci\u00f3n de emisiones por deforestaci\u00f3n evitada y degradaci\u00f3n del bosque <\/span><\/p>\n<p style=\"text-align: justify;\"><span lang=\"ES-EC\">2) Negocios verdes con productos no maderables<\/span><\/p>\n<p style=\"text-align: justify;\"><span lang=\"ES-EC\">3) Restauraci\u00f3n y recuperaci\u00f3n de bosques tierras cansadas y degradadas<\/span><\/p>\n<p style=\"text-align: justify;\"><span lang=\"ES-EC\">4) Recuperaci\u00f3n de bosques urbanos y restauraci\u00f3n de espacios verdes,<\/span><\/p>\n<p style=\"text-align: justify;\"><span lang=\"ES-EC\">5) Mejoramiento de la ecoeficiencia de la industria forestal. El programa cuenta con el financiamiento de CAF y el apoyo de otros socios estrat\u00e9gicos, empresas privadas y gobiernos.<\/span><\/p>\n<p style=\"text-align: justify;\"><span lang=\"ES-EC\">Para el a\u00f1o 2020, CAF tiene como meta alcanzar 50% de su cartera en financiamiento verde<\/span><span lang=\"ES-EC\"> lo que evidencia el compromiso de la instituci\u00f3n con la promoci\u00f3n y consolidaci\u00f3n del sector ambiental en la regi\u00f3n, promoviendo una transformaci\u00f3n productiva sostenible en sus pa\u00edses accionistas; as\u00ed como a trav\u00e9s de sus operaciones de financiamiento, las cuales son ambientalmente sostenibles y socialmente responsables. <\/span><span lang=\"ES-EC\">\u00abHay una convicci\u00f3n muy fuerte en esta materia\u00bb, agreg\u00f3 el presidente ejecutivo de la CAF.<\/span><\/p>\n<p style=\"text-align: justify;\"><span lang=\"ES-EC\">Uno de los desaf\u00edos de la regi\u00f3n es mejorar el manejo sostenible de los bosques naturales con la participaci\u00f3n activa de las poblaciones que viven en los bosques o en sus alrededores, a trav\u00e9s as\u00ed del financiamiento emprendimientos que permitan la disminuci\u00f3n de la pobreza y el mejoramiento de la calidad de vida.<\/span><\/p>\n<p style=\"text-align: justify;\"><span lang=\"ES-EC\">El programa propondr\u00e1 la introducci\u00f3n de nuevas tecnolog\u00edas en la industria forestal para conseguir mejores resultados en producci\u00f3n y, progresivamente, migrar hacia una econom\u00eda verde. De esta forma el MAE continuar\u00e1 impulsando el sector forestal con el fin de apoyar la diversificaci\u00f3n de la matriz productiva de Am\u00e9rica Latina.\u00a0<\/span><\/p>\n","protected":false},"excerpt":{"rendered":"<p class=\"excerpt\">Con el prop\u00f3sito de fortalecer el desarrollo del sector forestal y la conservaci\u00f3n de los bosques a trav\u00e9s de la implementaci\u00f3n de la econom\u00eda verde, el Ministerio de Ambiente del Ecuador (MAE) conjuntamente con el Banco de Desarrollo de Am\u00e9rica Latina (CAF) present\u00f3 oficialmente el Proyecto Bosques-35 para toda la regi\u00f3n. El evento estuvo dirigido por el Presidente Ejecutivo de&hellip; <a href=\"https:\/\/www.ambienteyenergia.gob.ec\/ambiente\/el-ministerio-del-ambiente-y-la-caf-presentan-proyecto-bosques-35-para-la-region\/\">Read more &rarr;<\/a><\/p>\n","protected":false},"author":13,"featured_media":23587,"comment_status":"open","ping_status":"open","sticky":false,"template":"","format":"standard","meta":{"footnotes":""},"categories":[16,4],"tags":[387],"class_list":["post-23586","post","type-post","status-publish","format-standard","has-post-thumbnail","hentry","category-comunicamos","category-noticias","tag-mae-lorena-tapia","xfolkentry"],"_links":{"self":[{"href":"https:\/\/www.ambienteyenergia.gob.ec\/ambiente\/wp-json\/wp\/v2\/posts\/23586","targetHints":{"allow":["GET"]}}],"collection":[{"href":"https:\/\/www.ambienteyenergia.gob.ec\/ambiente\/wp-json\/wp\/v2\/posts"}],"about":[{"href":"https:\/\/www.ambienteyenergia.gob.ec\/ambiente\/wp-json\/wp\/v2\/types\/post"}],"author":[{"embeddable":true,"href":"https:\/\/www.ambienteyenergia.gob.ec\/ambiente\/wp-json\/wp\/v2\/users\/13"}],"replies":[{"embeddable":true,"href":"https:\/\/www.ambienteyenergia.gob.ec\/ambiente\/wp-json\/wp\/v2\/comments?post=23586"}],"version-history":[{"count":0,"href":"https:\/\/www.ambienteyenergia.gob.ec\/ambiente\/wp-json\/wp\/v2\/posts\/23586\/revisions"}],"wp:featuredmedia":[{"embeddable":true,"href":"https:\/\/www.ambienteyenergia.gob.ec\/ambiente\/wp-json\/wp\/v2\/media\/23587"}],"wp:attachment":[{"href":"https:\/\/www.ambienteyenergia.gob.ec\/ambiente\/wp-json\/wp\/v2\/media?parent=23586"}],"wp:term":[{"taxonomy":"category","embeddable":true,"href":"https:\/\/www.ambienteyenergia.gob.ec\/ambiente\/wp-json\/wp\/v2\/categories?post=23586"},{"taxonomy":"post_tag","embeddable":true,"href":"https:\/\/www.ambienteyenergia.gob.ec\/ambiente\/wp-json\/wp\/v2\/tags?post=23586"}],"curies":[{"name":"wp","href":"https:\/\/api.w.org\/{rel}","templated":true}]}}