{"id":23578,"date":"2014-11-28T09:00:51","date_gmt":"2014-11-28T14:00:51","guid":{"rendered":"http:\/\/www.ambiente.gob.ec\/?p=23578"},"modified":"2014-12-03T10:06:16","modified_gmt":"2014-12-03T15:06:16","slug":"presidente-correa-visita-la-reserva-marina-y-costera-peninsula-de-santa-elena","status":"publish","type":"post","link":"https:\/\/www.ambienteyenergia.gob.ec\/ambiente\/presidente-correa-visita-la-reserva-marina-y-costera-peninsula-de-santa-elena\/","title":{"rendered":"Presidente Correa visita la  Reserva de Producci\u00f3n Faun\u00edstica Marino Costera Puntilla de Santa Elena"},"content":{"rendered":"<p>El Presidente de la Rep\u00fablica, Rafael Correa, visit\u00f3 la Reserva de Producci\u00f3n Faun\u00edstica Marino Costera Puntilla de Santa Elena, en compa\u00f1\u00eda de la Ministra de Ambiente Subrogante, Lorena S\u00e1nchez, en representaci\u00f3n de la m\u00e1xima Autoridad Ambiental, Lorena Tapia, para conocer las nuevas facilidades tur\u00edsticas que esta \u00e1rea protegida posee actualmente.<\/p>\n<p>Durante su visita el primer mandatario pudo conocer el nuevo centro de interpretaci\u00f3n, construido en el cerro el Morro de Santa Elena, que adem\u00e1s cuenta con un nuevo mirador, bater\u00edas sanitarias y una cafeter\u00eda.<\/p>\n<p>La Reserva Marina, uno de los principales atractivos de Santa Elena, cuenta con un sendero establecido por barandas de madera, se\u00f1al\u00e9tica y piedras que demarcan el trayecto desde el Cerro de la pen\u00ednsula, contin\u00faa por el mirador la Chocolatera para terminar en la Lober\u00eda, en donde se puede apreciar un grupo de 78 leones marinos que habitan en el lugar.<\/p>\n<p>El Presidente de la Rep\u00fablica felicit\u00f3 la labor del Ministerio del Ambiente de Ecuador (MAE), adem\u00e1s reconoci\u00f3 que este espacio actualmente es de libre acceso para toda la ciudadan\u00eda, quienes podr\u00e1n disfrutar del paisaje \u00fanico que ofrece la puntilla de Santa Elena.<\/p>\n<p>\u201cMe llena de satisfacci\u00f3n poder saber que estamos construyendo futuro, brindando a la ciudadan\u00eda espacios que le pertenecen, y que adem\u00e1s permitir\u00e1n generar conciencia de cuidado y protecci\u00f3n del ambiente, un tema por el que el Gobierno de la Revoluci\u00f3n Ciudadana trabaja diariamente\u201d, coment\u00f3 Correa.<\/p>\n<p>Con una inversi\u00f3n de cerca de 1 mill\u00f3n de d\u00f3lares este espacio natural ahora cuenta con un circuito integrado de 4 kil\u00f3metros aproximadamente, sendero que conecta los principales atractivos de la Reserva que se los puede visitar, de forma gratuita en horario de 6:00 a 19:00.\/ds<\/p>\n","protected":false},"excerpt":{"rendered":"<p class=\"excerpt\">El Presidente de la Rep\u00fablica, Rafael Correa, visit\u00f3 la Reserva de Producci\u00f3n Faun\u00edstica Marino Costera Puntilla de Santa Elena, en compa\u00f1\u00eda de la Ministra de Ambiente Subrogante, Lorena S\u00e1nchez, en representaci\u00f3n de la m\u00e1xima Autoridad Ambiental, Lorena Tapia, para conocer las nuevas facilidades tur\u00edsticas que esta \u00e1rea protegida posee actualmente. Durante su visita el primer mandatario pudo conocer el nuevo&hellip; <a href=\"https:\/\/www.ambienteyenergia.gob.ec\/ambiente\/presidente-correa-visita-la-reserva-marina-y-costera-peninsula-de-santa-elena\/\">Read more &rarr;<\/a><\/p>\n","protected":false},"author":13,"featured_media":23579,"comment_status":"open","ping_status":"open","sticky":false,"template":"","format":"standard","meta":{"footnotes":""},"categories":[16,4],"tags":[147,539,575,108,53],"class_list":["post-23578","post","type-post","status-publish","format-standard","has-post-thumbnail","hentry","category-comunicamos","category-noticias","tag-areas-protegidas-2","tag-chocolatera","tag-lorena-sanchez","tag-lorena-tapia","tag-mae","xfolkentry"],"_links":{"self":[{"href":"https:\/\/www.ambienteyenergia.gob.ec\/ambiente\/wp-json\/wp\/v2\/posts\/23578","targetHints":{"allow":["GET"]}}],"collection":[{"href":"https:\/\/www.ambienteyenergia.gob.ec\/ambiente\/wp-json\/wp\/v2\/posts"}],"about":[{"href":"https:\/\/www.ambienteyenergia.gob.ec\/ambiente\/wp-json\/wp\/v2\/types\/post"}],"author":[{"embeddable":true,"href":"https:\/\/www.ambienteyenergia.gob.ec\/ambiente\/wp-json\/wp\/v2\/users\/13"}],"replies":[{"embeddable":true,"href":"https:\/\/www.ambienteyenergia.gob.ec\/ambiente\/wp-json\/wp\/v2\/comments?post=23578"}],"version-history":[{"count":0,"href":"https:\/\/www.ambienteyenergia.gob.ec\/ambiente\/wp-json\/wp\/v2\/posts\/23578\/revisions"}],"wp:featuredmedia":[{"embeddable":true,"href":"https:\/\/www.ambienteyenergia.gob.ec\/ambiente\/wp-json\/wp\/v2\/media\/23579"}],"wp:attachment":[{"href":"https:\/\/www.ambienteyenergia.gob.ec\/ambiente\/wp-json\/wp\/v2\/media?parent=23578"}],"wp:term":[{"taxonomy":"category","embeddable":true,"href":"https:\/\/www.ambienteyenergia.gob.ec\/ambiente\/wp-json\/wp\/v2\/categories?post=23578"},{"taxonomy":"post_tag","embeddable":true,"href":"https:\/\/www.ambienteyenergia.gob.ec\/ambiente\/wp-json\/wp\/v2\/tags?post=23578"}],"curies":[{"name":"wp","href":"https:\/\/api.w.org\/{rel}","templated":true}]}}