{"id":23575,"date":"2014-11-27T16:58:34","date_gmt":"2014-11-27T21:58:34","guid":{"rendered":"http:\/\/www.ambiente.gob.ec\/?p=23575"},"modified":"2014-11-27T16:58:34","modified_gmt":"2014-11-27T21:58:34","slug":"ecuador-presentara-su-nivel-de-referencia-de-emisiones-forestales-por-deforestacion-en-la-cop20-en-lima","status":"publish","type":"post","link":"https:\/\/www.ambienteyenergia.gob.ec\/ambiente\/ecuador-presentara-su-nivel-de-referencia-de-emisiones-forestales-por-deforestacion-en-la-cop20-en-lima\/","title":{"rendered":"Ecuador presentar\u00e1 su Nivel de Referencia de Emisiones Forestales por Deforestaci\u00f3n en la COP20 en Lima"},"content":{"rendered":"<p style=\"text-align: justify;\">El Ministerio del Ambiente (MAE), prepara el informe del Ecuador sobre su Nivel de Referencia de Emisiones Forestales por Deforestaci\u00f3n (NREFD); que deber\u00e1 ser presentado ante la Convenci\u00f3n Marco de las Naciones Unidas para el Cambio Clim\u00e1tico (CMNUCC) durante su Vig\u00e9sima Conferencia de las Partes (COP20), que tendr\u00e1 lugar en Lima del 1 al 12 de diciembre.<\/p>\n<p style=\"text-align: justify;\">Los Niveles de Referencia de REDD+ servir\u00e1n como punto de partida para medir la reducci\u00f3n y remoci\u00f3n de emisiones de gases efecto invernadero (GEI) futuras y as\u00ed poder evaluar el avance de los pa\u00edses en v\u00edas de desarrollo, en cuanto a su reducci\u00f3n de emisiones relacionadas con los bosques.<\/p>\n<p style=\"text-align: justify;\">De esta manera, el Nivel de Referencia ser\u00e1 la base para la medici\u00f3n, reporte y verificaci\u00f3n de la reducci\u00f3n de emisiones de carbono forestal asociadas a la implementaci\u00f3n de actividades REDD+ en el contexto de pagos por resultados, ya que permite concluir a futuro dichas emisiones a partir de lo que sucedi\u00f3 en el pasado, y que puede basarse en las tasas promedio de deforestaci\u00f3n de periodos anteriores, la tendencias de las tasas de deforestaci\u00f3n o aplicando ajustes seg\u00fan las circunstancias cambiantes de desarrollo econ\u00f3mico, poblacional o social.<\/p>\n<p style=\"text-align: justify;\">En el caso del Ecuador, el NREFD para el periodo 2009-2021 est\u00e1 siendo establecido a partir de:<\/p>\n<p style=\"text-align: justify;\"><strong>a)<\/strong> El an\u00e1lisis de una l\u00ednea base, la cual se compone de la definici\u00f3n de la serie hist\u00f3rica de tiempo para la estimaci\u00f3n de las tasas de deforestaci\u00f3n, que en este caso utilizar\u00e1 como base el periodo hist\u00f3rico de referencia 2001-2008 en funci\u00f3n de la informaci\u00f3n generada por el Proyecto Mapa Hist\u00f3rico de Deforestaci\u00f3n, as\u00ed como los datos espaciales y de carbono generados por la Evaluaci\u00f3n Nacional Forestal del MAE.<\/p>\n<p style=\"text-align: justify;\"><strong>b)<\/strong> Un an\u00e1lisis de causas y agentes de la deforestaci\u00f3n, con el objeto de explicar la deforestaci\u00f3n hist\u00f3rica. De esta manera resulta importante documentar la metodolog\u00eda de an\u00e1lisis del cambio de uso del suelo, ya que permitir\u00e1 garantizar la transparencia del proceso.<\/p>\n<p style=\"text-align: justify;\">Mediante la elaboraci\u00f3n de este informe, el Ministerio de Ambiente busca que el Ecuador contin\u00fae posicion\u00e1ndose entre los pa\u00edses l\u00edderes a nivel internacional en cuanto a sus avances sobre REDD+ para la reducci\u00f3n de la deforestaci\u00f3n, y de las emisiones de CO2; as\u00ed como tambi\u00e9n le permitir\u00e1 al pa\u00eds avanzar hacia acuerdos multilaterales y\/o bilaterales para acceder y obtener pagos por resultados por REDD+, por reducci\u00f3n de emisiones por deforestaci\u00f3n en una primera instancia.<\/p>\n<p style=\"text-align: justify;\">Es importante se\u00f1alar que el Ecuador estar\u00eda entre los primeros pa\u00edses en presentar su nivel de referencia a la CMNUCC, y es uno de los pocos en apuntar hacia un Nivel de Referencia con alcance nacional, utilizando una metodolog\u00eda adaptada a las condiciones propias del pa\u00eds.<\/p>\n","protected":false},"excerpt":{"rendered":"<p class=\"excerpt\">El Ministerio del Ambiente (MAE), prepara el informe del Ecuador sobre su Nivel de Referencia de Emisiones Forestales por Deforestaci\u00f3n (NREFD); que deber\u00e1 ser presentado ante la Convenci\u00f3n Marco de las Naciones Unidas para el Cambio Clim\u00e1tico (CMNUCC) durante su Vig\u00e9sima Conferencia de las Partes (COP20), que tendr\u00e1 lugar en Lima del 1 al 12 de diciembre. Los Niveles de&hellip; <a href=\"https:\/\/www.ambienteyenergia.gob.ec\/ambiente\/ecuador-presentara-su-nivel-de-referencia-de-emisiones-forestales-por-deforestacion-en-la-cop20-en-lima\/\">Read more &rarr;<\/a><\/p>\n","protected":false},"author":13,"featured_media":22123,"comment_status":"open","ping_status":"open","sticky":false,"template":"","format":"standard","meta":{"footnotes":""},"categories":[16,4],"tags":[],"class_list":["post-23575","post","type-post","status-publish","format-standard","has-post-thumbnail","hentry","category-comunicamos","category-noticias","xfolkentry"],"_links":{"self":[{"href":"https:\/\/www.ambienteyenergia.gob.ec\/ambiente\/wp-json\/wp\/v2\/posts\/23575","targetHints":{"allow":["GET"]}}],"collection":[{"href":"https:\/\/www.ambienteyenergia.gob.ec\/ambiente\/wp-json\/wp\/v2\/posts"}],"about":[{"href":"https:\/\/www.ambienteyenergia.gob.ec\/ambiente\/wp-json\/wp\/v2\/types\/post"}],"author":[{"embeddable":true,"href":"https:\/\/www.ambienteyenergia.gob.ec\/ambiente\/wp-json\/wp\/v2\/users\/13"}],"replies":[{"embeddable":true,"href":"https:\/\/www.ambienteyenergia.gob.ec\/ambiente\/wp-json\/wp\/v2\/comments?post=23575"}],"version-history":[{"count":0,"href":"https:\/\/www.ambienteyenergia.gob.ec\/ambiente\/wp-json\/wp\/v2\/posts\/23575\/revisions"}],"wp:featuredmedia":[{"embeddable":true,"href":"https:\/\/www.ambienteyenergia.gob.ec\/ambiente\/wp-json\/wp\/v2\/media\/22123"}],"wp:attachment":[{"href":"https:\/\/www.ambienteyenergia.gob.ec\/ambiente\/wp-json\/wp\/v2\/media?parent=23575"}],"wp:term":[{"taxonomy":"category","embeddable":true,"href":"https:\/\/www.ambienteyenergia.gob.ec\/ambiente\/wp-json\/wp\/v2\/categories?post=23575"},{"taxonomy":"post_tag","embeddable":true,"href":"https:\/\/www.ambienteyenergia.gob.ec\/ambiente\/wp-json\/wp\/v2\/tags?post=23575"}],"curies":[{"name":"wp","href":"https:\/\/api.w.org\/{rel}","templated":true}]}}