{"id":23574,"date":"2014-11-27T17:03:27","date_gmt":"2014-11-27T22:03:27","guid":{"rendered":"http:\/\/www.ambiente.gob.ec\/?p=23574"},"modified":"2014-11-27T17:03:27","modified_gmt":"2014-11-27T22:03:27","slug":"cms-agradece-al-ministerio-de-ambiente-del-ecuador-por-el-exito-de-la-cop11","status":"publish","type":"post","link":"https:\/\/www.ambienteyenergia.gob.ec\/ambiente\/cms-agradece-al-ministerio-de-ambiente-del-ecuador-por-el-exito-de-la-cop11\/","title":{"rendered":"CMS agradece al Ministerio de Ambiente del Ecuador por el \u00e9xito de la COP11"},"content":{"rendered":"<p style=\"color: #000000;\" align=\"justify\">A trav\u00e9s de una carta, el Secretario Ejecutivo de la CMS, Bradnee Chambers, agradeci\u00f3 a la Ministra de Ambiente del Ecuador, Lorena Tapia por su gran hospitalidad y liderazgo para llevar adelante con \u00e9xito la Und\u00e9cima Reuni\u00f3n de las Partes de la Convenci\u00f3n sobre Conservaci\u00f3n de Especies Migratorias de Vida Silvestre (CMS).<\/p>\n<p style=\"color: #000000;\" align=\"justify\">\u201cEstamos plenamente satisfechos con los resultados de la Conferencia de las Partes y sus reuniones asociadas que no hubi\u00e9ramos logrado sin su permanente apoyo y compromiso\u201d se\u00f1ala Bradnee Chambers.<\/p>\n<p style=\"color: #000000;\" align=\"justify\">Ecuador fue el primer pa\u00eds en la regi\u00f3n en acoger este encuentro ambiental, que atrajo a m\u00e1s de 900 delegados de todo el mundo, alcanzando un r\u00e9cord para la CMS. El apoyo brindado por el Gobierno ecuatoriano reflej\u00f3 sin duda el gran compromiso ambiental que da nuestro pa\u00eds al facilitar el desarrollo de pol\u00edticas en bienestar y protecci\u00f3n de la naturaleza.<\/p>\n<p style=\"color: #000000;\" align=\"justify\">Adem\u00e1s, el Secretario de la CMS destac\u00f3 el trabajo que realiz\u00f3 la M\u00e1xima Autoridad Ambiental, como Presidenta de la COP11 y Miembro del Comit\u00e9 Permanente; llevando adelante varios acuerdos y decisiones tomadas por los gobiernos para la conservaci\u00f3n de especies migratorias en peligro de extinci\u00f3n.<\/p>\n<p style=\"color: #000000;\" align=\"justify\">Sin embargo, culminada la COP11 el trabajo contin\u00faa \u201cVamos a seguir buscando su apoyo y vamos a seguir en contacto con su delegaci\u00f3n para examinar los pr\u00f3ximos pasos en la implementaci\u00f3n de las decisiones tomadas en Ecuador\u201d dijo Chambers.<\/p>\n<p style=\"color: #000000;\" align=\"justify\">De esta forma el Ecuador un pa\u00eds reconocido por su biodiversidad, se posiciona en el mundo como un referente comprometido para desarrollar pol\u00edticas ambientales para la preservaci\u00f3n de la flora y fauna.<\/p>\n","protected":false},"excerpt":{"rendered":"<p class=\"excerpt\">A trav\u00e9s de una carta, el Secretario Ejecutivo de la CMS, Bradnee Chambers, agradeci\u00f3 a la Ministra de Ambiente del Ecuador, Lorena Tapia por su gran hospitalidad y liderazgo para llevar adelante con \u00e9xito la Und\u00e9cima Reuni\u00f3n de las Partes de la Convenci\u00f3n sobre Conservaci\u00f3n de Especies Migratorias de Vida Silvestre (CMS). \u201cEstamos plenamente satisfechos con los resultados de la&hellip; <a href=\"https:\/\/www.ambienteyenergia.gob.ec\/ambiente\/cms-agradece-al-ministerio-de-ambiente-del-ecuador-por-el-exito-de-la-cop11\/\">Read more &rarr;<\/a><\/p>\n","protected":false},"author":13,"featured_media":22785,"comment_status":"open","ping_status":"open","sticky":false,"template":"","format":"standard","meta":{"footnotes":""},"categories":[16,4],"tags":[572,387],"class_list":["post-23574","post","type-post","status-publish","format-standard","has-post-thumbnail","hentry","category-comunicamos","category-noticias","tag-cop-11","tag-mae-lorena-tapia","xfolkentry"],"_links":{"self":[{"href":"https:\/\/www.ambienteyenergia.gob.ec\/ambiente\/wp-json\/wp\/v2\/posts\/23574","targetHints":{"allow":["GET"]}}],"collection":[{"href":"https:\/\/www.ambienteyenergia.gob.ec\/ambiente\/wp-json\/wp\/v2\/posts"}],"about":[{"href":"https:\/\/www.ambienteyenergia.gob.ec\/ambiente\/wp-json\/wp\/v2\/types\/post"}],"author":[{"embeddable":true,"href":"https:\/\/www.ambienteyenergia.gob.ec\/ambiente\/wp-json\/wp\/v2\/users\/13"}],"replies":[{"embeddable":true,"href":"https:\/\/www.ambienteyenergia.gob.ec\/ambiente\/wp-json\/wp\/v2\/comments?post=23574"}],"version-history":[{"count":0,"href":"https:\/\/www.ambienteyenergia.gob.ec\/ambiente\/wp-json\/wp\/v2\/posts\/23574\/revisions"}],"wp:featuredmedia":[{"embeddable":true,"href":"https:\/\/www.ambienteyenergia.gob.ec\/ambiente\/wp-json\/wp\/v2\/media\/22785"}],"wp:attachment":[{"href":"https:\/\/www.ambienteyenergia.gob.ec\/ambiente\/wp-json\/wp\/v2\/media?parent=23574"}],"wp:term":[{"taxonomy":"category","embeddable":true,"href":"https:\/\/www.ambienteyenergia.gob.ec\/ambiente\/wp-json\/wp\/v2\/categories?post=23574"},{"taxonomy":"post_tag","embeddable":true,"href":"https:\/\/www.ambienteyenergia.gob.ec\/ambiente\/wp-json\/wp\/v2\/tags?post=23574"}],"curies":[{"name":"wp","href":"https:\/\/api.w.org\/{rel}","templated":true}]}}