{"id":23572,"date":"2014-11-27T16:56:05","date_gmt":"2014-11-27T21:56:05","guid":{"rendered":"http:\/\/www.ambiente.gob.ec\/?p=23572"},"modified":"2014-11-27T16:56:05","modified_gmt":"2014-11-27T21:56:05","slug":"mae-realiza-campana-de-control-de-productos-de-vida-silvestre-en-epoca-navidena","status":"publish","type":"post","link":"https:\/\/www.ambienteyenergia.gob.ec\/ambiente\/mae-realiza-campana-de-control-de-productos-de-vida-silvestre-en-epoca-navidena\/","title":{"rendered":"MAE realiza campa\u00f1a de control de productos de vida silvestre en \u00e9poca navide\u00f1a"},"content":{"rendered":"<p style=\"text-align: justify;\">Como parte de la gran campa\u00f1a \u201cNo arranques la piel de los bosques\u201d el Ministerio de Ambiente del Ecuador (MAE) a trav\u00e9s de la Direcci\u00f3n Provincial de Azuay realizan operativos conjuntos con la Unidad de Polic\u00eda del Medio Ambiente, Fiscal\u00eda Ambiental, Comisar\u00eda Ambiental Municipal, Comisar\u00eda Ambiental Provincial, Comisi\u00f3n de Gesti\u00f3n Ambiental, Guardia Ciudadana, Federaci\u00f3n de Barrios y otros actores, para controlar el tr\u00e1fico de productos de la vida silvestre como musgos, l\u00edquenes, lianas, bromelias, licopodios, paja, arbustos, entre otros.<\/p>\n<p style=\"text-align: justify;\">A trav\u00e9s de estos operativos el MAE busca evitar la remoci\u00f3n ilegal y venta de estas especies no maderables, adem\u00e1s de concienciar a la ciudadan\u00eda sobre el impacto que representa la extracci\u00f3n del musgo para la utilizaci\u00f3n dom\u00e9stica, especialmente en temporada navide\u00f1a.<\/p>\n<p style=\"text-align: justify;\">Adem\u00e1s la Unidad de Patrimonio Natural de la Direcci\u00f3n Provincial de Azuay lleva adelante la formaci\u00f3n de Guardabosques honor\u00edficos, cuya funci\u00f3n principal es cuidar el ambiente en cada una de las comunidades, as\u00ed como el desarrollo de talleres, charlas, foros, casas abiertas y ferias ciudadanas.<\/p>\n<p style=\"text-align: justify;\">Los ni\u00f1os tambi\u00e9n forman parte de la campa\u00f1a mediante el programa Guardianes del Planeta, un espacio donde estudiantes de Unidades Educativas de Educaci\u00f3n General B\u00e1sica aprenden sobre la importancia de la preservaci\u00f3n del medio ambiente.<\/p>\n<p style=\"text-align: justify;\">El Ministerio del Ambiente hace un llamado a la ciudadan\u00eda para la utilizaci\u00f3n de productos alternativos para los arreglos navide\u00f1os como aserr\u00edn, arena, papel reciclable, yute, cart\u00f3n, telas, flores o semillas de cultivos agr\u00edcolas; que aporten a la conservaci\u00f3n de nuestros recursos naturales.<\/p>\n<p style=\"text-align: justify;\">MH<\/p>\n","protected":false},"excerpt":{"rendered":"<p class=\"excerpt\">Como parte de la gran campa\u00f1a \u201cNo arranques la piel de los bosques\u201d el Ministerio de Ambiente del Ecuador (MAE) a trav\u00e9s de la Direcci\u00f3n Provincial de Azuay realizan operativos conjuntos con la Unidad de Polic\u00eda del Medio Ambiente, Fiscal\u00eda Ambiental, Comisar\u00eda Ambiental Municipal, Comisar\u00eda Ambiental Provincial, Comisi\u00f3n de Gesti\u00f3n Ambiental, Guardia Ciudadana, Federaci\u00f3n de Barrios y otros actores, para&hellip; <a href=\"https:\/\/www.ambienteyenergia.gob.ec\/ambiente\/mae-realiza-campana-de-control-de-productos-de-vida-silvestre-en-epoca-navidena\/\">Read more &rarr;<\/a><\/p>\n","protected":false},"author":13,"featured_media":23214,"comment_status":"open","ping_status":"open","sticky":false,"template":"","format":"standard","meta":{"footnotes":""},"categories":[16,4],"tags":[],"class_list":["post-23572","post","type-post","status-publish","format-standard","has-post-thumbnail","hentry","category-comunicamos","category-noticias","xfolkentry"],"_links":{"self":[{"href":"https:\/\/www.ambienteyenergia.gob.ec\/ambiente\/wp-json\/wp\/v2\/posts\/23572","targetHints":{"allow":["GET"]}}],"collection":[{"href":"https:\/\/www.ambienteyenergia.gob.ec\/ambiente\/wp-json\/wp\/v2\/posts"}],"about":[{"href":"https:\/\/www.ambienteyenergia.gob.ec\/ambiente\/wp-json\/wp\/v2\/types\/post"}],"author":[{"embeddable":true,"href":"https:\/\/www.ambienteyenergia.gob.ec\/ambiente\/wp-json\/wp\/v2\/users\/13"}],"replies":[{"embeddable":true,"href":"https:\/\/www.ambienteyenergia.gob.ec\/ambiente\/wp-json\/wp\/v2\/comments?post=23572"}],"version-history":[{"count":0,"href":"https:\/\/www.ambienteyenergia.gob.ec\/ambiente\/wp-json\/wp\/v2\/posts\/23572\/revisions"}],"wp:featuredmedia":[{"embeddable":true,"href":"https:\/\/www.ambienteyenergia.gob.ec\/ambiente\/wp-json\/wp\/v2\/media\/23214"}],"wp:attachment":[{"href":"https:\/\/www.ambienteyenergia.gob.ec\/ambiente\/wp-json\/wp\/v2\/media?parent=23572"}],"wp:term":[{"taxonomy":"category","embeddable":true,"href":"https:\/\/www.ambienteyenergia.gob.ec\/ambiente\/wp-json\/wp\/v2\/categories?post=23572"},{"taxonomy":"post_tag","embeddable":true,"href":"https:\/\/www.ambienteyenergia.gob.ec\/ambiente\/wp-json\/wp\/v2\/tags?post=23572"}],"curies":[{"name":"wp","href":"https:\/\/api.w.org\/{rel}","templated":true}]}}